{"id":5952,"date":"2016-07-25T13:48:57","date_gmt":"2016-07-25T11:48:57","guid":{"rendered":"https:\/\/www.hondadreams.es\/?p=5952"},"modified":"2016-07-25T13:48:57","modified_gmt":"2016-07-25T11:48:57","slug":"alonso-septimo-en-hungria-devuelve-el-optimismo-a-mclaren-honda-a-pesar-del-abandono-de-button","status":"publish","type":"post","link":"https:\/\/www.honda.es\/hondadreams\/2016\/07\/25\/alonso-septimo-en-hungria-devuelve-el-optimismo-a-mclaren-honda-a-pesar-del-abandono-de-button\/","title":{"rendered":"Alonso, s\u00e9ptimo en Hungr\u00eda, devuelve el optimismo a McLaren-Honda a pesar del abandono de Button"},"content":{"rendered":"<p style=\"text-align: justify;\">El Gran Premio de Hungr\u00eda de F\u00f3rmula 1 ha dado a McLaren-Honda unos resultados agridulces. Si bien sus dos pilotos entraron en la Q3 el s\u00e1bado con la s\u00e9ptima posici\u00f3n para Fernando Alonso y la octava para Jenson Button, el desenlace de la carrera del domingo no fue el que esperaban.<\/p>\n<p style=\"text-align: justify;\">El piloto asturiano protagoniz\u00f3 una buena salida sobrepasando a Carlos Sainz (Toro Rosso) y se coloc\u00f3 sexto, una posici\u00f3n que aguant\u00f3 hasta ser alcanzado por Kimi R\u00e4ikk\u00f6nen (Ferrari) que ven\u00eda remontando desde la decimotercera posici\u00f3n. Alonso pudo disputar la carrera sin complicaciones, manteniendo el ritmo justo por detr\u00e1s de los monoplazas m\u00e1s fuertes del mundial, Mercedes, Red Bull y Ferrari. \u201cEs el mejor fin de semana desde que estoy en McLaren\u201d, afirm\u00f3 plet\u00f3rico, si bien el resultado m\u00e1s positivo hab\u00eda sido la quinta plaza en M\u00f3naco, \u201cno fue un resultado real\u201d seg\u00fan valor\u00f3 el piloto. La clave, seg\u00fan Alonso, fue \u201cavanzar a Carlos en la salida, porqu\u00e9 pudimos rodar en la misma d\u00e9cima\u201d. El piloto de Toro Rosso asegur\u00f3 que \u201clos McLaren-Honda cada vez son m\u00e1s dif\u00edciles de aguantar\u201d.<\/p>\n<div id=\"attachment_5953\" style=\"width: 577px\" class=\"wp-caption aligncenter\"><img loading=\"lazy\" decoding=\"async\" aria-describedby=\"caption-attachment-5953\" class=\"size-full wp-image-5953\" src=\"https:\/\/www.honda.es\/hondadreams\/wp-content\/uploads\/Fernando-Alonso-Gran-Premio-Hungria-2.jpg\" alt=\"Fernando Alonso Gran Premio Hungria 2\" width=\"567\" height=\"562\" \/><p id=\"caption-attachment-5953\" class=\"wp-caption-text\">Fernando Alonso en el box durante el Gran Premio de Hungr\u00eda<\/p><\/div>\n<p style=\"text-align: justify;\">Por el contrario, Jenson Button no pudo mantener la buena din\u00e1mica que demostr\u00f3 el s\u00e1bado. Rodando en la cuarta vuelta el sensor de los frenos fall\u00f3, lo que empuj\u00f3 al equipo a darle la informaci\u00f3n necesaria para poder gestionar el problema, algo que fue sancionado por direcci\u00f3n de carrera con un <em>drive-through<\/em> por incumplir las nuevas reglas de las comunicaciones v\u00eda radio. El brit\u00e1nico volvi\u00f3 a pista rodando en la parte baja de la parrilla, algo que intent\u00f3 compensar buscando una remontada. La estrategia se trunc\u00f3 y debi\u00f3 retirarse en la vuelta 60 por una fuga de aceite. \u201cNo ha sido una buena carrera\u201d, sentenci\u00f3. Tambi\u00e9n valor\u00f3 la penalizaci\u00f3n por las indicaciones a trav\u00e9s de <em>team radio<\/em>: \u201centiendo que los pilotos no tenemos que recibir informaci\u00f3n que nos ayude a conducir, pero cuando se trata de un problema de seguridad no deber\u00eda penalizarse\u201d.<\/p>\n<div id=\"attachment_5954\" style=\"width: 596px\" class=\"wp-caption aligncenter\"><img loading=\"lazy\" decoding=\"async\" aria-describedby=\"caption-attachment-5954\" class=\"size-full wp-image-5954\" src=\"https:\/\/www.honda.es\/hondadreams\/wp-content\/uploads\/Jenson-Button-Gran-Premio-Hungria.jpg\" alt=\"Jenson Button Gran Premio Hungria\" width=\"586\" height=\"399\" \/><p id=\"caption-attachment-5954\" class=\"wp-caption-text\">Jenson Button durante el fin de semana del GP<\/p><\/div>\n<p style=\"text-align: justify;\">La carrera termin\u00f3 con victoria de Lewis Hamilton (Mercedes) que consigue el liderato del mundial por delante de su compa\u00f1ero de equipo Nico Rosberg y Daniel Ricciardo (Redbull).<\/p>\n<p style=\"text-align: justify;\">Desde el equipo, Eric Boullier lament\u00f3 los problemas con los que tuvo que lidiar Jenson Button dados los resultados que hab\u00eda demostrado durante el fin de semana. En cuanto a Fernando Alonso asegur\u00f3 que \u201cla consistencia que ha demostrado pone de manifiesto la buena progresi\u00f3n del equipo\u201d. Por su parte Yusuke Hasegawa tambi\u00e9n se mostr\u00f3 optimista por las mejoras \u201clo que nos da confianza de cara a la segunda mitad de la temporada\u201d.<\/p>\n<p style=\"text-align: justify;\">La pr\u00f3xima cita de la temporada tendr\u00e1 lugar en el circuito de\u00a0Hockenheim, Alemania, este pr\u00f3ximo fin de semana, y ser\u00e1 el \u00faltimo Gran Premio antes del par\u00f3n de verano.<\/p>\n","protected":false},"excerpt":{"rendered":"<p>El Gran Premio de Hungr\u00eda de F\u00f3rmula 1 ha dado a McLaren-Honda unos resultados agridulces&#8230;.<\/p>\n","protected":false},"author":3,"featured_media":5955,"comment_status":"open","ping_status":"open","sticky":false,"template":"","format":"standard","meta":{"_acf_changed":false,"footnotes":""},"categories":[5],"class_list":["post-5952","post","type-post","status-publish","format-standard","has-post-thumbnail","hentry","category-competicion"],"acf":[],"_links":{"self":[{"href":"https:\/\/www.honda.es\/hondadreams\/wp-json\/wp\/v2\/posts\/5952","targetHints":{"allow":["GET"]}}],"collection":[{"href":"https:\/\/www.honda.es\/hondadreams\/wp-json\/wp\/v2\/posts"}],"about":[{"href":"https:\/\/www.honda.es\/hondadreams\/wp-json\/wp\/v2\/types\/post"}],"author":[{"embeddable":true,"href":"https:\/\/www.honda.es\/hondadreams\/wp-json\/wp\/v2\/users\/3"}],"replies":[{"embeddable":true,"href":"https:\/\/www.honda.es\/hondadreams\/wp-json\/wp\/v2\/comments?post=5952"}],"version-history":[{"count":1,"href":"https:\/\/www.honda.es\/hondadreams\/wp-json\/wp\/v2\/posts\/5952\/revisions"}],"predecessor-version":[{"id":5956,"href":"https:\/\/www.honda.es\/hondadreams\/wp-json\/wp\/v2\/posts\/5952\/revisions\/5956"}],"wp:featuredmedia":[{"embeddable":true,"href":"https:\/\/www.honda.es\/hondadreams\/wp-json\/wp\/v2\/media\/5955"}],"wp:attachment":[{"href":"https:\/\/www.honda.es\/hondadreams\/wp-json\/wp\/v2\/media?parent=5952"}],"wp:term":[{"taxonomy":"category","embeddable":true,"href":"https:\/\/www.honda.es\/hondadreams\/wp-json\/wp\/v2\/categories?post=5952"}],"curies":[{"name":"wp","href":"https:\/\/api.w.org\/{rel}","templated":true}]}}