{"id":598,"date":"2013-04-04T16:57:28","date_gmt":"2013-04-04T16:57:28","guid":{"rendered":"https:\/\/www.hondadreams.es\/?p=598"},"modified":"2013-04-08T11:07:58","modified_gmt":"2013-04-08T11:07:58","slug":"entre-monza-y-marrakech-charla-con-gabriele-tarquini","status":"publish","type":"post","link":"https:\/\/www.honda.es\/hondadreams\/2013\/04\/04\/entre-monza-y-marrakech-charla-con-gabriele-tarquini\/","title":{"rendered":"Entre Monza y Marrakech. Charla con Gabriele Tarquini."},"content":{"rendered":"<p>Tras las tres \u00faltimas carreras del Campeonato Mundial de Turismos de 2012 \u2013donde el portugu\u00e9s Tiago Monteiro consigui\u00f3 un fant\u00e1stico tercer lugar en la ronda final\u2013 el equipo\u00a0<a href=\"https:\/\/www.honda.es\/hondadreams\/2013\/03\/22\/castrol-se-une-a-honda-en-el-campeonato-mundial-de-turismos-2013\/\" target=\"_blank\">Castrol Honda <span style=\"text-decoration: underline;\">WTCC<\/span><\/a> inici\u00f3 en <a href=\"https:\/\/www.honda.es\/hondadreams\/2013\/03\/25\/honda-civic-wtcc-primera-carrera-primer-podio\/\">Monza<\/a>, el mes pasado, la que es su primera temporada completa en esta competici\u00f3n. A pesar de la persistente lluvia, en la primera carrera, los <a href=\"https:\/\/www.honda.es\/hondadreams\/2013\/03\/14\/honda-lista-para-el-campeonato-mundial-de-turismos-2013\/\">Civic WTCC<\/a> de Gabriele Tarquini y Tiago Monteiro llegaron a la meta en cuarto y quinto lugar, respectivamente. En la segunda, Tarquini logr\u00f3 un tercer puesto de una carrera muy disputada. Sumando las \u00faltimas pruebas del pasado campeonato, el estreno del Honda Civic WTCC ha sido excelente, con dos podios en cuatro carreras consecutivas.<\/p>\n<p style=\"text-align: center;\">\u00a0<a href=\"https:\/\/www.honda.es\/hondadreams\/wp-content\/uploads\/17830_Paris_Motor_Show_2012.jpg\"><img loading=\"lazy\" decoding=\"async\" class=\"alignnone size-medium wp-image-599\" alt=\"Gabrielle Tarquini en el Geneva Motor Show\" src=\"https:\/\/www.honda.es\/hondadreams\/wp-content\/uploads\/17830_Paris_Motor_Show_2012-600x399.jpg\" width=\"600\" height=\"399\" \/><\/a><\/p>\n<p>\u00abMe impresion\u00f3 el comportamiento del\u00a0 Civic en una pista mojada, ya que no hab\u00edamos probado el coche en estas condiciones.\u00bb, afirma Tarquini, satisfecho tras este complicado debut.<\/p>\n<p>\u00abPor supuesto, mi mayor ventaja \u2013 ante pilotos m\u00e1s j\u00f3venes como mi compa\u00f1ero en Honda, Tiago- es mi experiencia. He puesto esta experiencia al servicio del equipo en los test, donde he podido conducir muchos kil\u00f3metros. Esto me ha permitido mantener un buen ritmo de carrera y completar unas vueltas r\u00e1pidas\u201d, se r\u00ede Tarquini. \u00abMi experiencia fue tambi\u00e9n \u00fatil bajo la fuerte lluvia de Monza. La visibilidad era pr\u00e1cticamente nula, hab\u00eda mucha agua en la pista. Mantenerse o intentar adelantar a un rival era muy arriesgado\u201d.<\/p>\n<p>Es la experiencia derivada de doce temporadas de carreras internacionales de turismos, con un balance de treinta y siete victorias y un t\u00edtulo mundial. Honda se sinti\u00f3 atra\u00edda por el brillante curr\u00edculo de este piloto y ex-campe\u00f3n del mundo de 50 a\u00f1os. Sus estrechos v\u00ednculos con la escuadra japonesa-italiana de Alessandro Mariani y Ambrogetti Maurizio tambi\u00e9n jugaron su papel.<\/p>\n<p>\u00abSiento que he vuelto a casa, \u00a1hogar dulce hogar!\u00bb, Sonr\u00ede Gabriele sobre su llegada al volante del Honda Civic WTCC \u00abhecho por J.A.S\u00bb. \u00abHan pasado 12 a\u00f1os desde la \u00faltima vez que tuve el placer de trabajar con J.A.S, pero los conozco a todos, conozco su forma de trabajar y no necesito preguntarme qui\u00e9n hace qu\u00e9. Hablamos el mismo idioma y eso es importante para una buena relaci\u00f3n de trabajo y alcanzar los objetivos que nos hemos fijado. \u00bb<\/p>\n<p>Tarquini, antes de correr competiciones de turismos hab\u00eda participado en 38 grandes premios de F1. Pero lo m\u00e1s sorprendente es que antes de introducirse en el deporte del motor, ten\u00eda un objetivo totalmente distinto.<\/p>\n<p>\u00ab\u00a1Lo creas o no, antes de convertirme en un piloto profesional, me estaba preparando para ser abogado!\u00bb, Se r\u00ede Gabriele. \u00abPero me di cuenta que mi coraz\u00f3n estaba con las carreras y decid\u00ed concentrarme en mi carrera deportiva, primero en la F3000, y luego en la F\u00f3rmula 1\u201d.<\/p>\n<p>A partir de entonces comenz\u00f3 una larga y fruct\u00edfera relaci\u00f3n con J.A.S y Honda.<\/p>\n<p><a href=\"https:\/\/www.honda.es\/hondadreams\/wp-content\/uploads\/17289_Gabriele_Tarquini_and_Tiago_Monteiro_Announced_As_Honda-\u00c6s_WTCC_Drivers.jpg\"><img loading=\"lazy\" decoding=\"async\" class=\"size-medium wp-image-600 aligncenter\" alt=\"Gabriele Tarquini\" src=\"https:\/\/www.honda.es\/hondadreams\/wp-content\/uploads\/17289_Gabriele_Tarquini_and_Tiago_Monteiro_Announced_As_Honda-\u00c6s_WTCC_Drivers-450x600.jpg\" width=\"450\" height=\"600\" \/><\/a><\/p>\n<p>\u00abEncontrar un volante en las competiciones de \u00a0turismos, tras el paso por la F1, y convertirse en campe\u00f3n brit\u00e1nico, fue simult\u00e1neo. As\u00ed es como conduje por primera vez para J.A.S en 1996, en el ITC. Un a\u00f1o m\u00e1s tarde, Honda me ofreci\u00f3 el volante de un Honda Accord en el BTCC y despu\u00e9s compet\u00ed \u00a0en la Copa de Alemania STW\u00bb.<\/p>\n<p>La relaci\u00f3n entre J.A.S y Honda comenz\u00f3 en 1998, con el apoyo del fabricante en el campeonato alem\u00e1n, con Gabriele Tarquini al volante. En 2001 Tarquini gan\u00f3 nueve carreras con el Honda Accord y particip\u00f3 con J.A.S en la Supercopa de Europa FIA Touring Cup \u2013 que m\u00e1s tarde, en \u00a02005, dar\u00e1 lugar al actual WTCC.<\/p>\n<p>Algunos podr\u00edan recordar a un jovenc\u00edsimo \u00a0Tarquini sentado ante el volante de un Alfa Corse para la prueba inaugural del Mundial de Turismos en Monza en 1987. En ese mismo a\u00f1o tambi\u00e9n debut\u00f3 en la F\u00f3rmula 1 con el equipo italiano Osella, corriendo al lado de leyendas como Nelson Piquet, Nigel Mansell o Ayrton Senna. Veintis\u00e9is a\u00f1os despu\u00e9s, es uno de los pocos pilotos en el mundo, de esa \u00e9poca, que contin\u00faa en activo al m\u00e1ximo nivel en las competiciones de \u00a0automovilismo. Y en Monza ha demostrado que est\u00e1 en plena forma&#8230;<\/p>\n<p>\u00abTodo est\u00e1 en la cabeza, entre los dos o\u00eddos\u00bb, se r\u00ede Gabriele. \u00abEl contraste entre el Tarquini de cuando empec\u00e9 al de ahora es que no siento la presi\u00f3n de ganar. No significa que no me exprima al l\u00edmite, sino que tengo la tranquilidad de saber que una victoria m\u00e1s o menos no ser\u00e1 determinante para mi carrera\u201d<\/p>\n<p>Tras la lluvia de Italia llega la el sol del Norte de \u00c1frica, ya que el <a href=\"http:\/\/www.fiawtcc.com\/events?idEvent=148\">Campeonato FIA WTCC<\/a> se desplaza al <a href=\"http:\/\/www.fiawtcc.com\/news\/detail\/id\/735\/t\/ROUTE-TO%3A-MARRAKECH%2C-MOROCCO\">circuito urbano de Marrakech<\/a>, en Marruecos, para la segunda prueba.<\/p>\n<p>\u00abVa a ser un fin de semana caliente, en sentido literal y figurado. La temperatura puede alcanzar los 26 \u00b0, con dos rectas largas y chicanes r\u00e1pidas y complicadas. Adem\u00e1s, los bordillos de las aceras de las calles de Marrakech ser\u00e1 tambi\u00e9n un punto \u00abcaliente\u00bb de la prueba. No se pueden comparar a los de los circuitos tradicionales. Son como trampolines que hacen saltar el coche de verdad\u201d.<\/p>\n<p>\u00abEn una semana, entre Monza y Marrakech, no hay mucho tiempo para mejorar la velocidad m\u00e1xima del Civic. Pero ya he ganado antes en Marrakech y conozco la pista.\u201d<\/p>\n<p>\u00abBas\u00e1ndonos en lo que sabemos ahora, nuestro principal objetivo en esta segunda prueba es anotar puntos, por lo que debemos mantener nuestra lucha en la parte alta del campeonato. El equipo va a desarrollar a\u00fan m\u00e1s el Civic y entonces vamos a luchar por el t\u00edtulo. \u00bb<\/p>\n<p>Gabriele Tarquini, Tiago Monteiro y el Equipo Castrol Honda WTCC estar\u00e1n en acci\u00f3n los d\u00edas 6 y 7 de abril en las calles de Marrakech, en la segunda prueba del Campeonato Mundial de Turismos FIA.<\/p>\n","protected":false},"excerpt":{"rendered":"<p>Tras las tres \u00faltimas carreras del Campeonato Mundial de Turismos de 2012 \u2013donde el portugu\u00e9s&#8230;<\/p>\n","protected":false},"author":2,"featured_media":601,"comment_status":"open","ping_status":"open","sticky":false,"template":"","format":"standard","meta":{"_acf_changed":false,"footnotes":""},"categories":[5],"class_list":["post-598","post","type-post","status-publish","format-standard","has-post-thumbnail","hentry","category-competicion"],"acf":[],"_links":{"self":[{"href":"https:\/\/www.honda.es\/hondadreams\/wp-json\/wp\/v2\/posts\/598","targetHints":{"allow":["GET"]}}],"collection":[{"href":"https:\/\/www.honda.es\/hondadreams\/wp-json\/wp\/v2\/posts"}],"about":[{"href":"https:\/\/www.honda.es\/hondadreams\/wp-json\/wp\/v2\/types\/post"}],"author":[{"embeddable":true,"href":"https:\/\/www.honda.es\/hondadreams\/wp-json\/wp\/v2\/users\/2"}],"replies":[{"embeddable":true,"href":"https:\/\/www.honda.es\/hondadreams\/wp-json\/wp\/v2\/comments?post=598"}],"version-history":[{"count":7,"href":"https:\/\/www.honda.es\/hondadreams\/wp-json\/wp\/v2\/posts\/598\/revisions"}],"predecessor-version":[{"id":604,"href":"https:\/\/www.honda.es\/hondadreams\/wp-json\/wp\/v2\/posts\/598\/revisions\/604"}],"wp:featuredmedia":[{"embeddable":true,"href":"https:\/\/www.honda.es\/hondadreams\/wp-json\/wp\/v2\/media\/601"}],"wp:attachment":[{"href":"https:\/\/www.honda.es\/hondadreams\/wp-json\/wp\/v2\/media?parent=598"}],"wp:term":[{"taxonomy":"category","embeddable":true,"href":"https:\/\/www.honda.es\/hondadreams\/wp-json\/wp\/v2\/categories?post=598"}],"curies":[{"name":"wp","href":"https:\/\/api.w.org\/{rel}","templated":true}]}}