{"id":6002,"date":"2016-08-29T12:45:29","date_gmt":"2016-08-29T10:45:29","guid":{"rendered":"https:\/\/www.hondadreams.es\/?p=6002"},"modified":"2016-09-05T17:24:50","modified_gmt":"2016-09-05T15:24:50","slug":"esto-es-progreso-progreso-real-mclaren-honda-demuestra-la-evolucion-positiva-con-la-septima-plaza-de-alonso","status":"publish","type":"post","link":"https:\/\/www.honda.es\/hondadreams\/2016\/08\/29\/esto-es-progreso-progreso-real-mclaren-honda-demuestra-la-evolucion-positiva-con-la-septima-plaza-de-alonso\/","title":{"rendered":"\u201cEsto es progreso, progreso real\u201d: McLaren Honda demuestra la evoluci\u00f3n positiva con la s\u00e9ptima plaza de Alonso"},"content":{"rendered":"<p style=\"text-align: justify;\">El Gran Premio de B\u00e9lgica de F\u00f3rmula 1 ha sido el m\u00e1s accidentado en lo que va de temporada: ya desde la salida hubo numerosos toques hasta llegar a la sexta vuelta, donde un aparatoso accidente de Kevin Magnussen (Renault) supuso la salida del Safety Car y oblig\u00f3 a desplegar la bandera roja unas vueltas m\u00e1s tarde.<\/p>\n<p style=\"text-align: justify;\">Jenson Button, que part\u00eda de la novena posici\u00f3n, qued\u00f3 sin opciones de seguir disputando la carrera debido a un toque con Pascal Wehrlein (Manor Racing) que provoc\u00f3 graves da\u00f1os a su MP4-31. El brit\u00e1nico, que el s\u00e1bado protagoniz\u00f3 una gran sesi\u00f3n de clasificaci\u00f3n coment\u00f3 que ten\u00edan opciones de puntuar, \u201cpor lo que nos decepciona no poder sumar ning\u00fan punto, pero son cosas que pasan\u201d.<\/p>\n<p style=\"text-align: justify;\"><img loading=\"lazy\" decoding=\"async\" class=\"aligncenter size-medium wp-image-6004\" src=\"https:\/\/www.honda.es\/hondadreams\/wp-content\/uploads\/jenson-button-gp-belgica-mclaren-honda-600x400.jpg\" alt=\"jenson button gp belgica mclaren honda\" width=\"600\" height=\"400\" \/><\/p>\n<p style=\"text-align: justify;\">La parte positiva de la carrera para McLaren-Honda fue sin lugar a duda la gran remontada de Fernando Alonso: el asturiano tom\u00f3 salida desde la \u00faltima posici\u00f3n pero con los numerosos toques y el accidente de Magnussen escal\u00f3 dieciocho escalones, hasta la cuarta posici\u00f3n. Gracias al cambio de neum\u00e1ticos Alonso pudo retrasar la parada mientras el resto de pilotos hac\u00edan sus respectivos pit-stops. Una vez reanudada la carrera, intent\u00f3 avanzar a Nico Hulkenberg (Force India) pero Lewis Hamilton (Mercedes) le super\u00f3, pasando a ser quinto. Finalmente Sebastian Vettel (Ferrari) y Sergio \u2018Checo\u2019 P\u00e9rez (Force India) le ganaron la posici\u00f3n, cruzando la l\u00ednea de meta en s\u00e9ptimo lugar. \u201cHace unos meses este resultado habr\u00eda sido incre\u00edble en un circuito como Spa. Esto es progreso, progreso real\u201d, explic\u00f3 Alonso satisfecho. Con este resultado, McLaren Honda supera a Toro Rosso en el campeonato de constructores y se coloca en la sexta posici\u00f3n.<\/p>\n<p style=\"text-align: justify;\"><img loading=\"lazy\" decoding=\"async\" class=\"aligncenter size-medium wp-image-6005\" src=\"https:\/\/www.honda.es\/hondadreams\/wp-content\/uploads\/fernando-alonso-gp-belgica-mclaren-honda-600x400.jpg\" alt=\"fernando alonso gp belgica mclaren honda\" width=\"600\" height=\"400\" \/><\/p>\n<p style=\"text-align: justify;\">El podio del Gran Premio de B\u00e9lgica lo encabez\u00f3 Nico Rosberg (Mercedes), dominador desde la primera hasta la \u00faltima vuelta, seguido de Daniel Ricciardo (Red Bull) y Lewis Hamilton (Mercedes).<\/p>\n<p style=\"text-align: justify;\">La pr\u00f3xima cita para los pilotos de F\u00f3rmula 1 ser\u00e1 el primer fin de semana de septiembre en el m\u00edtico circuito de Monza (Italia), el trazado m\u00e1s r\u00e1pido del calendario. \u201cEste no es el mejor escenario para nuestro coche por las largas rectas pero nos esforzaremos al m\u00e1ximo para poder ganar puntos\u201d, explic\u00f3 Eric Boullier.<\/p>\n","protected":false},"excerpt":{"rendered":"<p>El Gran Premio de B\u00e9lgica de F\u00f3rmula 1 ha sido el m\u00e1s accidentado en lo&#8230;<\/p>\n","protected":false},"author":3,"featured_media":6003,"comment_status":"open","ping_status":"open","sticky":false,"template":"","format":"standard","meta":{"_acf_changed":false,"footnotes":""},"categories":[1],"class_list":["post-6002","post","type-post","status-publish","format-standard","has-post-thumbnail","hentry","category-general"],"acf":[],"_links":{"self":[{"href":"https:\/\/www.honda.es\/hondadreams\/wp-json\/wp\/v2\/posts\/6002","targetHints":{"allow":["GET"]}}],"collection":[{"href":"https:\/\/www.honda.es\/hondadreams\/wp-json\/wp\/v2\/posts"}],"about":[{"href":"https:\/\/www.honda.es\/hondadreams\/wp-json\/wp\/v2\/types\/post"}],"author":[{"embeddable":true,"href":"https:\/\/www.honda.es\/hondadreams\/wp-json\/wp\/v2\/users\/3"}],"replies":[{"embeddable":true,"href":"https:\/\/www.honda.es\/hondadreams\/wp-json\/wp\/v2\/comments?post=6002"}],"version-history":[{"count":1,"href":"https:\/\/www.honda.es\/hondadreams\/wp-json\/wp\/v2\/posts\/6002\/revisions"}],"predecessor-version":[{"id":6006,"href":"https:\/\/www.honda.es\/hondadreams\/wp-json\/wp\/v2\/posts\/6002\/revisions\/6006"}],"wp:featuredmedia":[{"embeddable":true,"href":"https:\/\/www.honda.es\/hondadreams\/wp-json\/wp\/v2\/media\/6003"}],"wp:attachment":[{"href":"https:\/\/www.honda.es\/hondadreams\/wp-json\/wp\/v2\/media?parent=6002"}],"wp:term":[{"taxonomy":"category","embeddable":true,"href":"https:\/\/www.honda.es\/hondadreams\/wp-json\/wp\/v2\/categories?post=6002"}],"curies":[{"name":"wp","href":"https:\/\/api.w.org\/{rel}","templated":true}]}}