{"id":606,"date":"2013-04-08T09:58:29","date_gmt":"2013-04-08T09:58:29","guid":{"rendered":"https:\/\/www.hondadreams.es\/?p=606"},"modified":"2013-04-16T11:51:50","modified_gmt":"2013-04-16T11:51:50","slug":"nuevo-podio-para-tarquini","status":"publish","type":"post","link":"https:\/\/www.honda.es\/hondadreams\/2013\/04\/08\/nuevo-podio-para-tarquini\/","title":{"rendered":"Nuevo podio para Tarquini"},"content":{"rendered":"<p>Gabriele Tarquini y el equipo Castrol Honda Car World Touring han vivido hoy en Marrakech las dos caras del deporte del motor. La alegr\u00eda de la <a href=\"http:\/\/www.fiawtcc.com\/standings\">\u201cpole\u201d de Tarquini y su segundo puesto<\/a> en la primera carrera de la prueba de Marruecos contrast\u00f3 con la decepci\u00f3n al quedar fuera por un choque en la segunda carrera y la poca fortuna de Monteiro en esta prueba.<\/p>\n<p>Tarquini alcanz\u00f3 en Marrakech su 16 \u201cpole position\u201d en el Campeonato Mundial de Turismos, y se convierte en el piloto que m\u00e1s veces ha ocupado esta posici\u00f3n privilegiada en los 9 a\u00f1os de historia de esta competici\u00f3n.<\/p>\n<p style=\"text-align: center;\"><a href=\"https:\/\/www.honda.es\/hondadreams\/wp-content\/uploads\/2013_wtcc_marrakech_-12551.jpg\"><img loading=\"lazy\" decoding=\"async\" class=\"size-medium wp-image-630\" alt=\"2013 wtcc marrakech morocco\" src=\"https:\/\/www.honda.es\/hondadreams\/wp-content\/uploads\/2013_wtcc_marrakech_-12551-400x600.jpg\" width=\"400\" height=\"600\" \/><\/a><\/p>\n<p>La primera carrera fue liderada por Tarquini durante m\u00e1s de la mitad de la prueba, en la que finalmente termin\u00f3 en segundo lugar. Un nuevo podio que le permite ocupar la segunda plaza en el Campeonato Mundial de pilotos de la especialidad.<\/p>\n<p>En la segunda carrera, sin embargo, el Honda Civic n\u00famero 3 pilotado por Tarquini choc\u00f3 contra el muro, cuando estaba remontando desde la quinta l\u00ednea de la parrilla de salida. Una de las peculiaridades de esta competici\u00f3n es que la en la segunda carrera, los 10 primeros clasificados invierten su posici\u00f3n en la parrilla respecto a la configuraci\u00f3n de la primera carrera. El resultado de accidente fue la retirada de Tarquini.<\/p>\n<p>El director del equipo Castrol Honda Car World Touring, Alessandro Mariani, se\u00f1al\u00f3 que el nivel y la exigencia de cada prueba es muy alto, pero que \u201cla pole position y la segunda plaza muestran el gran potencial del Civic y del equipo\u201d.<\/p>\n<p><a href=\"https:\/\/www.honda.es\/hondadreams\/wp-content\/uploads\/2013_wtcc_marrakech_-0761.jpg\"><img loading=\"lazy\" decoding=\"async\" class=\"alignnone size-medium wp-image-608 aligncenter\" alt=\"Los Honda Civic WTCC en el circuito de Marrakech\" src=\"https:\/\/www.honda.es\/hondadreams\/wp-content\/uploads\/2013_wtcc_marrakech_-0761-600x400.jpg\" width=\"600\" height=\"400\" \/><\/a><\/p>\n<p>La prueba de Marruecos, que se desarroll\u00f3 con un clima y una temperatura excelentes, fue seguida por m\u00e1s de 70.000 personas, que se desplazaron al circuito urbano de Marrakech.<\/p>\n<p>Tiago Monteiro ha tenido menos suerte ya que tras el accidente en las pruebas clasificatorias del s\u00e1bado arranc\u00f3 desde la s\u00e9ptima fila en la primera carrera y tras remontar cuatro posiciones, un golpe contra uno de los muros forz\u00f3 su retirada.<\/p>\n<p>Tras la cita norteafricana, el Campeonato del Mundo de Turismos regresa de nuevo a Europa con la <a href=\"http:\/\/www.fiawtcc.com\/events?idEvent=150\">prueba de Eslovaquia<\/a>, en el Circuito de Slovakia Ring, los d\u00edas 27 y 28 de abril.<\/p>\n","protected":false},"excerpt":{"rendered":"<p>Gabriele Tarquini y el equipo Castrol Honda Car World Touring han vivido hoy en Marrakech&#8230;<\/p>\n","protected":false},"author":2,"featured_media":609,"comment_status":"open","ping_status":"open","sticky":false,"template":"","format":"standard","meta":{"_acf_changed":false,"footnotes":""},"categories":[5,1],"class_list":["post-606","post","type-post","status-publish","format-standard","has-post-thumbnail","hentry","category-competicion","category-general"],"acf":[],"_links":{"self":[{"href":"https:\/\/www.honda.es\/hondadreams\/wp-json\/wp\/v2\/posts\/606","targetHints":{"allow":["GET"]}}],"collection":[{"href":"https:\/\/www.honda.es\/hondadreams\/wp-json\/wp\/v2\/posts"}],"about":[{"href":"https:\/\/www.honda.es\/hondadreams\/wp-json\/wp\/v2\/types\/post"}],"author":[{"embeddable":true,"href":"https:\/\/www.honda.es\/hondadreams\/wp-json\/wp\/v2\/users\/2"}],"replies":[{"embeddable":true,"href":"https:\/\/www.honda.es\/hondadreams\/wp-json\/wp\/v2\/comments?post=606"}],"version-history":[{"count":10,"href":"https:\/\/www.honda.es\/hondadreams\/wp-json\/wp\/v2\/posts\/606\/revisions"}],"predecessor-version":[{"id":651,"href":"https:\/\/www.honda.es\/hondadreams\/wp-json\/wp\/v2\/posts\/606\/revisions\/651"}],"wp:featuredmedia":[{"embeddable":true,"href":"https:\/\/www.honda.es\/hondadreams\/wp-json\/wp\/v2\/media\/609"}],"wp:attachment":[{"href":"https:\/\/www.honda.es\/hondadreams\/wp-json\/wp\/v2\/media?parent=606"}],"wp:term":[{"taxonomy":"category","embeddable":true,"href":"https:\/\/www.honda.es\/hondadreams\/wp-json\/wp\/v2\/categories?post=606"}],"curies":[{"name":"wp","href":"https:\/\/api.w.org\/{rel}","templated":true}]}}