{"id":6178,"date":"2016-10-07T09:00:30","date_gmt":"2016-10-07T07:00:30","guid":{"rendered":"https:\/\/www.hondadreams.es\/?p=6178"},"modified":"2017-12-11T20:55:54","modified_gmt":"2017-12-11T18:55:54","slug":"con-660-c-c-y-tres-cilindros-a-421-kmh-solo-podia-ser-honda","status":"publish","type":"post","link":"https:\/\/www.honda.es\/hondadreams\/2016\/10\/07\/con-660-c-c-y-tres-cilindros-a-421-kmh-solo-podia-ser-honda\/","title":{"rendered":"\u00bfCon 660 c.c. y tres cilindros a 421 km\/h? \u2026s\u00f3lo pod\u00eda ser Honda"},"content":{"rendered":"<p style=\"text-align: justify;\">El veh\u00edculo m\u00e1s r\u00e1pido que Honda jam\u00e1s ha desarrollado es el Honda S-Dream, con el que ha superado los 421 km\/h. Lo sorprendente es que est\u00e1 equipado con el motor del \u201c<a href=\"https:\/\/www.honda.es\/hondadreams\/2013\/08\/26\/los-minicoches-japoneses-siguen-su-imparable-ascenso\/\">kei car<\/a>\u201d Honda S-660, de 660 c.c. y tres cilindros.<\/p>\n<p style=\"text-align: justify;\">Este ha sido el reto que han logrado un grupo de j\u00f3venes ingenieros voluntarios de Honda con el objetivo de batir el record mundial de velocidad en su clase (Grupo 1 \u2013 Clase 4, correspondiente a los veh\u00edculos de serie en la normativa de la FIA) y convertirlo en el Honda m\u00e1s r\u00e1pido de la historia.<\/p>\n<p style=\"text-align: justify;\">Para ello este intr\u00e9pido grupo de 16 ingenieros, seleccionados entre 100 candidatos voluntarios de Honda R&amp;D, estudiaron con detalle el motor del<a href=\"https:\/\/www.honda.es\/hondadreams\/2015\/04\/07\/honda-s660-conoce-el-nuevo-roadster-biplaza-descapotable\/\"> Honda S-660<\/a> y renovaron algunos de sus elementos hasta el l\u00edmite que les permite el reglamento de la FIA: el bloque de cilindros, pistones, cig\u00fce\u00f1al y v\u00e1lvulas, sin modificar su cubicaje. Este ser\u00eda el coraz\u00f3n del Honda S-Dream.<\/p>\n<div id=\"attachment_6180\" style=\"width: 610px\" class=\"wp-caption aligncenter\"><img loading=\"lazy\" decoding=\"async\" aria-describedby=\"caption-attachment-6180\" class=\"wp-image-6180 size-medium\" src=\"https:\/\/www.honda.es\/hondadreams\/wp-content\/uploads\/streamliner_0518-600x400.jpg\" alt=\"Engineers from Honda R&amp;D in Japan posted a new FIA Land Speed Record and broke the speed record for a Honda-powered automobile last week in Bonneville, Utah.\" width=\"600\" height=\"400\" \/><p id=\"caption-attachment-6180\" class=\"wp-caption-text\">Los ingenieros que consiguieron romper el r\u00e9cord de velocidad de un autom\u00f3vil Honda.<\/p><\/div>\n<p style=\"text-align: justify;\">Tras desarrollar el veh\u00edculo, reforzando los elementos b\u00e1sicos de motor y chasis, y tras unas pruebas en Jap\u00f3n, se trasladaron a la <a href=\"https:\/\/en.wikipedia.org\/wiki\/Bonneville_Salt_Flats\">superficie salina de Bonneville<\/a>, en el estado norteamericano de Utah, para disponer del escenario perfecto para la tentativa. El piloto de motos Hikaru Miyagi, responsable de conducir el veh\u00edculo, acostumbrado a las pruebas en circuito, se dio cuenta que en una gran superficie lisa como la de las salinas de Bonneville no ten\u00eda ninguna referencia para mantener la trayectoria del veh\u00edculo. El equipo de ingenieros acudieron al centro de I+D+i de Honda en Santa Clarita, California, y en 10 d\u00edas redise\u00f1aron la parte superior para mejorar la visibilidad del piloto.<\/p>\n<p style=\"text-align: justify;\">El Honda S-Dream ya bati\u00f3 el r\u00e9cord FIA el primer d\u00eda de pruebas, alcanzando los 367 km\/h. La progresi\u00f3n fue continua hasta que logr\u00f3 el mencionado r\u00e9cord de 421,59 km\/h, incluso lleg\u00f3 a alcanzar los 428 km\/h en una de las tandas, pero sin poder homologarlo seg\u00fan el reglamento de la FIA.<\/p>\n<p style=\"text-align: justify;\">La superficie salina de Bonneville, al igual que el asfalto de Montecarlo o Indian\u00e1polis, las arenas de Dakar o los polvorientos caminos de Carlsbad, pasar\u00e1n a la historia de Honda gracias a esta m\u00edtica haza\u00f1a.<\/p>\n<div id=\"attachment_6181\" style=\"width: 610px\" class=\"wp-caption aligncenter\"><img loading=\"lazy\" decoding=\"async\" aria-describedby=\"caption-attachment-6181\" class=\"wp-image-6181 size-medium\" src=\"https:\/\/www.honda.es\/hondadreams\/wp-content\/uploads\/streamliner_0147-600x400.jpg\" alt=\"Bonneville fue el paraje elegido para la prueba de la FIA\" width=\"600\" height=\"400\" \/><p id=\"caption-attachment-6181\" class=\"wp-caption-text\">Bonneville fue el paraje elegido para la prueba de la FIA<\/p><\/div>\n","protected":false},"excerpt":{"rendered":"<p>El veh\u00edculo m\u00e1s r\u00e1pido que Honda jam\u00e1s ha desarrollado es el Honda S-Dream, con el&#8230;<\/p>\n","protected":false},"author":3,"featured_media":6179,"comment_status":"open","ping_status":"open","sticky":false,"template":"","format":"standard","meta":{"_acf_changed":false,"footnotes":""},"categories":[3],"class_list":["post-6178","post","type-post","status-publish","format-standard","has-post-thumbnail","hentry","category-innovacion"],"acf":[],"_links":{"self":[{"href":"https:\/\/www.honda.es\/hondadreams\/wp-json\/wp\/v2\/posts\/6178","targetHints":{"allow":["GET"]}}],"collection":[{"href":"https:\/\/www.honda.es\/hondadreams\/wp-json\/wp\/v2\/posts"}],"about":[{"href":"https:\/\/www.honda.es\/hondadreams\/wp-json\/wp\/v2\/types\/post"}],"author":[{"embeddable":true,"href":"https:\/\/www.honda.es\/hondadreams\/wp-json\/wp\/v2\/users\/3"}],"replies":[{"embeddable":true,"href":"https:\/\/www.honda.es\/hondadreams\/wp-json\/wp\/v2\/comments?post=6178"}],"version-history":[{"count":1,"href":"https:\/\/www.honda.es\/hondadreams\/wp-json\/wp\/v2\/posts\/6178\/revisions"}],"predecessor-version":[{"id":6182,"href":"https:\/\/www.honda.es\/hondadreams\/wp-json\/wp\/v2\/posts\/6178\/revisions\/6182"}],"wp:featuredmedia":[{"embeddable":true,"href":"https:\/\/www.honda.es\/hondadreams\/wp-json\/wp\/v2\/media\/6179"}],"wp:attachment":[{"href":"https:\/\/www.honda.es\/hondadreams\/wp-json\/wp\/v2\/media?parent=6178"}],"wp:term":[{"taxonomy":"category","embeddable":true,"href":"https:\/\/www.honda.es\/hondadreams\/wp-json\/wp\/v2\/categories?post=6178"}],"curies":[{"name":"wp","href":"https:\/\/api.w.org\/{rel}","templated":true}]}}