{"id":7067,"date":"2017-10-25T10:30:00","date_gmt":"2017-10-25T08:30:00","guid":{"rendered":"https:\/\/www.hondadreams.es\/?p=7067"},"modified":"2017-10-26T10:47:33","modified_gmt":"2017-10-26T08:47:33","slug":"honda-presenta-las-estrellas-del-salon-de-tokio","status":"publish","type":"post","link":"https:\/\/www.honda.es\/hondadreams\/2017\/10\/25\/honda-presenta-las-estrellas-del-salon-de-tokio\/","title":{"rendered":"Honda presenta las estrellas del Sal\u00f3n de Tokio"},"content":{"rendered":"<p style=\"text-align: justify;\">Con motivo de la celebraci\u00f3n del Sal\u00f3n de Tokio 2017, Honda presenta un gran cartel repleto de novedades. La compa\u00f1\u00eda ha estado trabajando en el desarrollo de tecnolog\u00edas y veh\u00edculos enfocados a una sociedad libre de carbono y un futuro de movilidad limpia.<\/p>\n<p style=\"text-align: justify;\">\u00bfQu\u00e9 novedades est\u00e1n previstas para estos d\u00edas? \u00a1Vamos a verlo!<\/p>\n<h4 style=\"text-align: justify;\"><strong>Autom\u00f3viles: movilidad limpia y sofisticaci\u00f3n<\/strong><\/h4>\n<p style=\"text-align: justify;\">Una de las presentaciones m\u00e1s importantes es la del nuevo autom\u00f3vil el\u00e9ctrico y deportivo de la marca: el <strong>Honda Sports EV Concept<\/strong>. Este concept se presenta con una l\u00ednea innovadora, con un gran atractivo y adaptable a cualquier estilo de vida y de conducci\u00f3n. Este veh\u00edculo se ha desarrollado para aportar una gran experiencia al volante, gracias a la combinaci\u00f3n de la unidad de potencia cero emisiones (EV) con tecnolog\u00eda de inteligencia artificial (AI).<\/p>\n<div id=\"attachment_7081\" style=\"width: 610px\" class=\"wp-caption aligncenter\"><img loading=\"lazy\" decoding=\"async\" aria-describedby=\"caption-attachment-7081\" class=\"size-medium wp-image-7081\" src=\"https:\/\/www.honda.es\/hondadreams\/wp-content\/uploads\/honda-sports-ev-concept-600x338.jpg\" alt=\"Honda Sports EV Concept\" width=\"600\" height=\"338\" \/><p id=\"caption-attachment-7081\" class=\"wp-caption-text\">Honda Sports EV Concept<\/p><\/div>\n<p style=\"text-align: justify;\">El <strong>Honda Urban EV Concept<\/strong>, que fue presentado en el <a href=\"https:\/\/www.honda.es\/hondadreams\/2017\/09\/12\/honda-reitera-su-compromiso-con-el-vehiculo-electrico-en-el-salon-de-frankfurt\/\">Sal\u00f3n de Frankfurt de este mismo a\u00f1o<\/a>, ha marcado un antes y un despu\u00e9s cuanto a est\u00e9tica y tecnolog\u00eda. Es la perfecta combinaci\u00f3n de tecnolog\u00eda avanzada y de sofisticaci\u00f3n de dise\u00f1o para un veh\u00edculo que est\u00e1 pensado para las ciudades y la movilidad del futuro. Como ya os anunciamos en Frankfurt, la versi\u00f3n de producci\u00f3n en serie de este modelo estar\u00e1 disponible en Europa en 2019.<\/p>\n<div id=\"attachment_7076\" style=\"width: 610px\" class=\"wp-caption aligncenter\"><img loading=\"lazy\" decoding=\"async\" aria-describedby=\"caption-attachment-7076\" class=\"size-medium wp-image-7076\" src=\"https:\/\/www.honda.es\/hondadreams\/wp-content\/uploads\/543-honda-urban-ev-concept-600x450.jpg\" alt=\"Honda Urban EV Concept\" width=\"600\" height=\"450\" \/><p id=\"caption-attachment-7076\" class=\"wp-caption-text\">Honda Urban EV Concept<\/p><\/div>\n<p style=\"text-align: justify;\">La esperada quinta generaci\u00f3n del <strong>Honda CR-V<\/strong> tambi\u00e9n ver\u00e1 la luz durante el Sal\u00f3n de Tokio. El dise\u00f1o de uno de los SUV m\u00e1s vendidos del mundo sigue fiel a su l\u00ednea y tiene como aspecto m\u00e1s destacado la tecnolog\u00eda h\u00edbrida de dos motores i-MMD (en ingl\u00e9s Intelligent Multi-Mode Drive).<\/p>\n<div id=\"attachment_7084\" style=\"width: 610px\" class=\"wp-caption aligncenter\"><img loading=\"lazy\" decoding=\"async\" aria-describedby=\"caption-attachment-7084\" class=\"size-medium wp-image-7084\" src=\"https:\/\/www.honda.es\/hondadreams\/wp-content\/uploads\/honda-cr-v-600x348.jpg\" alt=\"Honda CR-V\" width=\"600\" height=\"348\" \/><p id=\"caption-attachment-7084\" class=\"wp-caption-text\">Honda CR-V<\/p><\/div>\n<p style=\"text-align: justify;\">Otro gran protagonista ser\u00e1 el <strong>Honda NeuV <\/strong>que se present\u00f3 a principios de este a\u00f1o en el CES de Las Vegas, uno de los mejores escaparates del mundo para presentar las propuestas m\u00e1s innovadoras y rompedoras. <a href=\"https:\/\/www.honda.es\/hondadreams\/2017\/03\/07\/el-futuro-inmediato-de-honda-trabajando-en-lo-electrico\/\">Este concept car<\/a> equipado con inteligencia artificial (AI) y un asistente personal automatizado demuestra la apuesta clara de la compa\u00f1\u00eda por un ecosistema de movilidad cooperativa, donde la inteligencia artificial, la rob\u00f3tica y el <em>big data<\/em> est\u00e1n a la orden del d\u00eda.<\/p>\n<div id=\"attachment_7068\" style=\"width: 610px\" class=\"wp-caption aligncenter\"><img loading=\"lazy\" decoding=\"async\" aria-describedby=\"caption-attachment-7068\" class=\"size-medium wp-image-7068\" src=\"https:\/\/www.honda.es\/hondadreams\/wp-content\/uploads\/543-honda-neuv-600x400.jpg\" alt=\"Honda NeuV\" width=\"600\" height=\"400\" \/><p id=\"caption-attachment-7068\" class=\"wp-caption-text\">Honda NeuV<\/p><\/div>\n<p style=\"text-align: justify;\">Tambi\u00e9n estar\u00e1 presente el <strong>Honda Clarity PHEV<\/strong> que completa la gama de autom\u00f3viles eficientes de la compa\u00f1\u00eda, una variante h\u00edbrida enchufable y con propulsor de combusti\u00f3n \u2018hiper-eficiente\u2019 capaz de alcanzar una autonom\u00eda en modo el\u00e9ctrico de m\u00e1s de 100 kil\u00f3metros.<\/p>\n<div id=\"attachment_7069\" style=\"width: 610px\" class=\"wp-caption aligncenter\"><img loading=\"lazy\" decoding=\"async\" aria-describedby=\"caption-attachment-7069\" class=\"size-medium wp-image-7069\" src=\"https:\/\/www.honda.es\/hondadreams\/wp-content\/uploads\/543-honda-clarity-phev-600x288.jpg\" alt=\"Honda Clarity PHEV\" width=\"600\" height=\"288\" \/><p id=\"caption-attachment-7069\" class=\"wp-caption-text\">Honda Clarity PHEV<\/p><\/div>\n<p style=\"text-align: justify;\">Otra de las creaciones de Honda presentes en Tokio ser\u00e1 el <strong>Honda RoboCas Concept<\/strong>, que se erige como una forma \u00fanica de movilidad el\u00e9ctrica y aut\u00f3noma tanto para personas como para objetos.<\/p>\n<div id=\"attachment_7073\" style=\"width: 610px\" class=\"wp-caption aligncenter\"><img loading=\"lazy\" decoding=\"async\" aria-describedby=\"caption-attachment-7073\" class=\"size-medium wp-image-7073\" src=\"https:\/\/www.honda.es\/hondadreams\/wp-content\/uploads\/543-honda-robocas-concept-600x337.jpg\" alt=\"Honda RoboCas Concept\" width=\"600\" height=\"337\" \/><p id=\"caption-attachment-7073\" class=\"wp-caption-text\">Honda RoboCas Concept<\/p><\/div>\n<h4 style=\"text-align: justify;\"><strong>Motocicletas: seguridad e innovaci\u00f3n<\/strong><\/h4>\n<p style=\"text-align: justify;\">La <strong>Honda Riding Assist-e Concept<\/strong> es una de las novedades m\u00e1s destacadas. Se trata de un modelo experimental y de est\u00e9tica imponente. Cuenta con un paquete de bater\u00edas y motorizaci\u00f3n totalmente el\u00e9ctrica y, adem\u00e1s, es capaz de mantenerse vertical gracias al sistema de control de direcci\u00f3n, el Riding Assist.<\/p>\n<div id=\"attachment_7079\" style=\"width: 610px\" class=\"wp-caption aligncenter\"><img loading=\"lazy\" decoding=\"async\" aria-describedby=\"caption-attachment-7079\" class=\"size-medium wp-image-7079\" src=\"https:\/\/www.honda.es\/hondadreams\/wp-content\/uploads\/honda-riding-assist-e-concept-600x375.jpg\" alt=\"Honda Riding Assist-e Concept\" width=\"600\" height=\"375\" \/><p id=\"caption-attachment-7079\" class=\"wp-caption-text\">Honda Riding Assist-e Concept<\/p><\/div>\n<p style=\"text-align: justify;\">Tambi\u00e9n habr\u00e1 tiempo para celebraciones y es que este a\u00f1o se conmemora el 60\u00ba aniversario del lanzamiento de la <strong>Honda Super Cub C100 <\/strong>con la producci\u00f3n de un modelo exclusivo. Cabe destacar que en sus a\u00f1os de historia, esta motocicleta <a href=\"https:\/\/hondanews.eu\/es\/es\/motorcycles\/media\/pressreleases\/115374\/honda-conmemora-la-cifra-de-100-millones-de-unidades-producidas-de-su-gama-de-motocicletas-super-cub1\">ha alcanzado 100 millones de unidades fabricadas<\/a> y en el Sal\u00f3n de Tokio habr\u00e1 una retrospectiva hist\u00f3rica de la Super Cub, la gama actual y un avance del futuro de este m\u00edtico modelo. La <strong>Honda Super Cub C125<\/strong> hered\u00f3 el dise\u00f1o y la funcionalidad de la C100 pero se presenta con varias mejoras como una mayor potencia y una experiencia de conducci\u00f3n m\u00e1s confortable. Y si seguimos hablando de los modelos Cub, tenemos tambi\u00e9n la <strong>Honda Cross Cub 110<\/strong>, que se comercializar\u00e1 en versiones 50 y 100 cc.<\/p>\n<div id=\"attachment_7085\" style=\"width: 599px\" class=\"wp-caption aligncenter\"><img loading=\"lazy\" decoding=\"async\" aria-describedby=\"caption-attachment-7085\" class=\"size-full wp-image-7085\" src=\"https:\/\/www.honda.es\/hondadreams\/wp-content\/uploads\/super-cub-110.jpg\" alt=\"Honda Super Cub 110\" width=\"589\" height=\"413\" \/><p id=\"caption-attachment-7085\" class=\"wp-caption-text\">Honda Super Cub 110<\/p><\/div>\n<p style=\"text-align: justify;\">Llega por otro lado el estreno de la <strong>Honda Neo Sports Caf\u00e9 Concept<\/strong>, un <a href=\"https:\/\/youtu.be\/AvU327HNL-Y\">modelo conceptual que combina el estilo naked y deportivo<\/a> para abrirse as\u00ed la creaci\u00f3n de una nueva generaci\u00f3n de motocicletas. No se quedan atr\u00e1s los modelos \u201cverdes\u201d, la <strong>Honda PCX Electric<\/strong> y la <strong>Honda PCX Hybrid<\/strong>.<\/p>\n<div id=\"attachment_7086\" style=\"width: 610px\" class=\"wp-caption aligncenter\"><img loading=\"lazy\" decoding=\"async\" aria-describedby=\"caption-attachment-7086\" class=\"size-medium wp-image-7086\" src=\"https:\/\/www.honda.es\/hondadreams\/wp-content\/uploads\/honda-neo-sports-cafe-concept-600x450.jpg\" alt=\"Neo Sports Caf\u00e9 Concept\" width=\"600\" height=\"450\" \/><p id=\"caption-attachment-7086\" class=\"wp-caption-text\">Neo Sports Caf\u00e9 Concept<\/p><\/div>\n<p style=\"text-align: justify;\">La gama m\u00e1s lujosa tambi\u00e9n tendr\u00e1 sitio en Tokio, como es el caso de la <strong>Honda Goldwing<\/strong>, una veterana que acumula 43 a\u00f1os de trayectoria recorriendo kil\u00f3metros y ofreciendo el m\u00e1ximo confort. En el sal\u00f3n se presentar\u00e1 el modelo 2018. Y, finalmente, tambi\u00e9n estar\u00e1 presente la <strong>Honda Monkey 125<\/strong>, con una proporci\u00f3n compacta, con luces LED y medidores digitales, que son los causantes de su atractivo.<\/p>\n<p style=\"text-align: justify;\">\n<h4 style=\"text-align: justify;\"><strong>Tokyo Connected Lab, la cuna de los \u2018concept\u2019<\/strong><\/h4>\n<p style=\"text-align: justify;\">En Honda, no todo son veh\u00edculos tradicionales. Os presentamos algunas de las novedades que Honda mostrar\u00e1 en el Tokyo Connected Lab.<\/p>\n<p style=\"text-align: justify;\">El <strong>Honda Ie-Mobi Concept<\/strong> es un veh\u00edculo que se mueve gracias a la energ\u00eda el\u00e9ctrica, que puede tomarse de la casa o del coche- y que puede incluso usarse como habitaci\u00f3n \u2013de unos 5 m2-. Por otro lado el <strong>Honda Fure-Mobi Concept <\/strong>se ha desarrollado para realizar desplazamientos y tiene capacidad para dos personas. El <strong>Honda Chair-Mobi Concept<\/strong> es otro tipo de silla que se puede usar tanto en exterior como en interior, de tama\u00f1o compacto, puede conducirse cuesta arriba o cuesta abajo y permite maniobrar f\u00e1cilmente. Y cerrando esta gama, se encuentra el <strong>Honda Ai-Miimo Concept<\/strong>, un cortac\u00e9sped el\u00e9ctrico que se comunica con el usuario y la gente a su alrededor, convirti\u00e9ndose en un miembro m\u00e1s de la familia.<\/p>\n<div id=\"attachment_7072\" style=\"width: 610px\" class=\"wp-caption aligncenter\"><img loading=\"lazy\" decoding=\"async\" aria-describedby=\"caption-attachment-7072\" class=\"size-medium wp-image-7072\" src=\"https:\/\/www.honda.es\/hondadreams\/wp-content\/uploads\/543-honda-iemobi-concept-600x337.jpg\" alt=\"Honda Ie-Mobi Concept\" width=\"600\" height=\"337\" \/><p id=\"caption-attachment-7072\" class=\"wp-caption-text\">Honda Ie-Mobi Concept<\/p><\/div>\n<div id=\"attachment_7071\" style=\"width: 610px\" class=\"wp-caption aligncenter\"><img loading=\"lazy\" decoding=\"async\" aria-describedby=\"caption-attachment-7071\" class=\"size-medium wp-image-7071\" src=\"https:\/\/www.honda.es\/hondadreams\/wp-content\/uploads\/543-honda-furemobi-concept-600x337.jpg\" alt=\"Honda Fure-Mobi Concept\" width=\"600\" height=\"337\" \/><p id=\"caption-attachment-7071\" class=\"wp-caption-text\">Honda Fure-Mobi Concept<\/p><\/div>\n<div id=\"attachment_7078\" style=\"width: 610px\" class=\"wp-caption aligncenter\"><img loading=\"lazy\" decoding=\"async\" aria-describedby=\"caption-attachment-7078\" class=\"size-medium wp-image-7078\" src=\"https:\/\/www.honda.es\/hondadreams\/wp-content\/uploads\/543-honda-chairmobi-concept-600x337.jpg\" alt=\"Honda Chair-Mobi Concept\" width=\"600\" height=\"337\" \/><p id=\"caption-attachment-7078\" class=\"wp-caption-text\">Honda Chair-Mobi Concept<\/p><\/div>\n<div id=\"attachment_7077\" style=\"width: 610px\" class=\"wp-caption aligncenter\"><img loading=\"lazy\" decoding=\"async\" aria-describedby=\"caption-attachment-7077\" class=\"size-medium wp-image-7077\" src=\"https:\/\/www.honda.es\/hondadreams\/wp-content\/uploads\/543-honda-ai-miimo-concept-600x337.jpg\" alt=\"Honda Ai-Miimo Concept\" width=\"600\" height=\"337\" \/><p id=\"caption-attachment-7077\" class=\"wp-caption-text\">Honda Ai-Miimo Concept<\/p><\/div>\n<p style=\"text-align: justify;\">Este es, sin duda, un gran cartel y una gran apuesta para dar el pistoletazo de salida al esperado Sal\u00f3n de Tokio, una de las citas m\u00e1s importantes del a\u00f1o, siempre imprescindible para presentar las mejores primicias para el mercado global.<\/p>\n","protected":false},"excerpt":{"rendered":"<p>Con motivo de la celebraci\u00f3n del Sal\u00f3n de Tokio 2017, Honda presenta un gran cartel&#8230;<\/p>\n","protected":false},"author":3,"featured_media":7083,"comment_status":"open","ping_status":"open","sticky":false,"template":"","format":"standard","meta":{"_acf_changed":false,"footnotes":""},"categories":[9,11],"class_list":["post-7067","post","type-post","status-publish","format-standard","has-post-thumbnail","hentry","category-mundo-honda","category-novedades"],"acf":[],"_links":{"self":[{"href":"https:\/\/www.honda.es\/hondadreams\/wp-json\/wp\/v2\/posts\/7067","targetHints":{"allow":["GET"]}}],"collection":[{"href":"https:\/\/www.honda.es\/hondadreams\/wp-json\/wp\/v2\/posts"}],"about":[{"href":"https:\/\/www.honda.es\/hondadreams\/wp-json\/wp\/v2\/types\/post"}],"author":[{"embeddable":true,"href":"https:\/\/www.honda.es\/hondadreams\/wp-json\/wp\/v2\/users\/3"}],"replies":[{"embeddable":true,"href":"https:\/\/www.honda.es\/hondadreams\/wp-json\/wp\/v2\/comments?post=7067"}],"version-history":[{"count":3,"href":"https:\/\/www.honda.es\/hondadreams\/wp-json\/wp\/v2\/posts\/7067\/revisions"}],"predecessor-version":[{"id":7082,"href":"https:\/\/www.honda.es\/hondadreams\/wp-json\/wp\/v2\/posts\/7067\/revisions\/7082"}],"wp:featuredmedia":[{"embeddable":true,"href":"https:\/\/www.honda.es\/hondadreams\/wp-json\/wp\/v2\/media\/7083"}],"wp:attachment":[{"href":"https:\/\/www.honda.es\/hondadreams\/wp-json\/wp\/v2\/media?parent=7067"}],"wp:term":[{"taxonomy":"category","embeddable":true,"href":"https:\/\/www.honda.es\/hondadreams\/wp-json\/wp\/v2\/categories?post=7067"}],"curies":[{"name":"wp","href":"https:\/\/api.w.org\/{rel}","templated":true}]}}