{"id":7274,"date":"2018-01-12T09:00:29","date_gmt":"2018-01-12T07:00:29","guid":{"rendered":"https:\/\/www.hondadreams.es\/?p=7274"},"modified":"2018-01-18T14:21:51","modified_gmt":"2018-01-18T12:21:51","slug":"alberto-puig-team-manager-repsol-honda-team","status":"publish","type":"post","link":"https:\/\/www.honda.es\/hondadreams\/2018\/01\/12\/alberto-puig-team-manager-repsol-honda-team\/","title":{"rendered":"Honda Racing Corporation anuncia a Alberto Puig como Team Manager del Repsol Honda Team"},"content":{"rendered":"<p>Alberto Puig ha sido nombrado nuevo Team Manager en el Repsol Honda Team. Su puesta de largo ser\u00e1 durante\u00a0 el primer test de MotoGP de la temporada 2018, que tendr\u00e1 lugar en el Circuito Internacional de Sepang (Malasia), del 28 al 30 de enero.<\/p>\n<p>Despu\u00e9s de una carrera que incluy\u00f3 una victoria en la categor\u00eda de 500cc y una larga temporada a bordo de motocicletas Honda, Puig se erigi\u00f3 como uno de los managers m\u00e1s respetados en el mundo del motociclismo. Como consejero de HRC, su funci\u00f3n m\u00e1s reciente ha sido la de director de las <em>Asia Talent Cup<\/em> y <em>British Talent Cup<\/em>.<\/p>\n<p>En su nuevo puesto como Team Manager, dentro del Repsol Honda Team, Puig reportar\u00e1 directamente al Director General de HRC Race Operations, Tetsuhiro Kuwata. \u00c9l y el gerente t\u00e9cnico Takeo Yokoyama ser\u00e1n responsables de las operaciones en las carreras.<\/p>\n","protected":false},"excerpt":{"rendered":"<p>Alberto Puig ha sido nombrado nuevo Team Manager en el Repsol Honda Team. Su puesta&#8230;<\/p>\n","protected":false},"author":3,"featured_media":7276,"comment_status":"open","ping_status":"open","sticky":false,"template":"","format":"standard","meta":{"_acf_changed":false,"footnotes":""},"categories":[5],"class_list":["post-7274","post","type-post","status-publish","format-standard","has-post-thumbnail","hentry","category-competicion"],"acf":[],"_links":{"self":[{"href":"https:\/\/www.honda.es\/hondadreams\/wp-json\/wp\/v2\/posts\/7274","targetHints":{"allow":["GET"]}}],"collection":[{"href":"https:\/\/www.honda.es\/hondadreams\/wp-json\/wp\/v2\/posts"}],"about":[{"href":"https:\/\/www.honda.es\/hondadreams\/wp-json\/wp\/v2\/types\/post"}],"author":[{"embeddable":true,"href":"https:\/\/www.honda.es\/hondadreams\/wp-json\/wp\/v2\/users\/3"}],"replies":[{"embeddable":true,"href":"https:\/\/www.honda.es\/hondadreams\/wp-json\/wp\/v2\/comments?post=7274"}],"version-history":[{"count":1,"href":"https:\/\/www.honda.es\/hondadreams\/wp-json\/wp\/v2\/posts\/7274\/revisions"}],"predecessor-version":[{"id":7277,"href":"https:\/\/www.honda.es\/hondadreams\/wp-json\/wp\/v2\/posts\/7274\/revisions\/7277"}],"wp:featuredmedia":[{"embeddable":true,"href":"https:\/\/www.honda.es\/hondadreams\/wp-json\/wp\/v2\/media\/7276"}],"wp:attachment":[{"href":"https:\/\/www.honda.es\/hondadreams\/wp-json\/wp\/v2\/media?parent=7274"}],"wp:term":[{"taxonomy":"category","embeddable":true,"href":"https:\/\/www.honda.es\/hondadreams\/wp-json\/wp\/v2\/categories?post=7274"}],"curies":[{"name":"wp","href":"https:\/\/api.w.org\/{rel}","templated":true}]}}