{"id":7284,"date":"2018-01-24T09:00:33","date_gmt":"2018-01-24T07:00:33","guid":{"rendered":"https:\/\/www.hondadreams.es\/?p=7284"},"modified":"2018-01-22T13:13:24","modified_gmt":"2018-01-22T11:13:24","slug":"honda-accord-coche-2018-norte-america","status":"publish","type":"post","link":"https:\/\/www.honda.es\/hondadreams\/2018\/01\/24\/honda-accord-coche-2018-norte-america\/","title":{"rendered":"El Honda Accord tambi\u00e9n triunfa: \u00a1Coche del A\u00f1o 2018 en Norte Am\u00e9rica!"},"content":{"rendered":"<p>Los autom\u00f3viles Honda cerraron un <a href=\"https:\/\/www.honda.es\/hondadreams\/2018\/01\/05\/honda-civic-2017-lo-mas-alto\/\">2017 cargado de premios<\/a> y han empezado 2018 con buen pie: el Honda Accord ha sido reconocido como Coche del A\u00f1o en Am\u00e9rica del Norte. Los \u201c<a href=\"https:\/\/northamericancaroftheyear.org\/\">North American Car, Utility and Truck of the Year Awards<\/a>\u201d, conocidos como los \u2018Oscar\u2019 de la industria del autom\u00f3vil, premian la excelencia en innovaci\u00f3n, dise\u00f1o, seguridad, tecnolog\u00eda, rendimiento y satisfacci\u00f3n del conductor.<\/p>\n<p>En esta edici\u00f3n, la d\u00e9cima generaci\u00f3n del Honda Accord ha sido premiada por su nuevo dise\u00f1o y para rendir homenaje a los m\u00e1s de 35 a\u00f1os de producci\u00f3n de este autom\u00f3vil en Ohio, donde se ha trabajado con altos est\u00e1ndares de calidad. \u201cLo que hace Honda parece magia: esta d\u00e9cima generaci\u00f3n no solo es m\u00e1s elegante y con m\u00e1s estilo que su predecesora, sino que tambi\u00e9n ofrece mucho m\u00e1s espacio\u201d, ha asegurado Chris Paukert, miembro del jurado de los NACTOY.<\/p>\n<p>Henio Arcangeli Jr., Senior Vicepresident de la Divisi\u00f3n de Autom\u00f3viles y General Manager de Honda Sales, American Honda Motor Co., Inc., ha querido destacar la apuesta renovada de Honda para reinventar uno de los veh\u00edculos m\u00e1s populares de los Estados Unidos y ha agradecido el reconocimiento a todo este trabajo: \u201cNo podr\u00edamos estar m\u00e1s orgullosos de recibir este galard\u00f3n para el Honda Accord\u201d.<\/p>\n<p>Con este premio Honda suma tres a\u00f1os consecutivos en lo m\u00e1s alto, despu\u00e9s de haber obtenido este mismo reconocimiento con la <a href=\"https:\/\/www.honda.es\/hondadreams\/2017\/02\/14\/la-honda-ridgeline-de-nuevo-pickup-del-ano-en-estados-unidos\/\">Honda Ridgeline<\/a> (2017) y el <a href=\"https:\/\/hondanews.eu\/es\/es\/cars\/media\/pressreleases\/71029\/el-honda-civic-type-r-uno-de-los-cinco-finalistas-del-galardon-world-performance-car-of-the-year-201\">Honda Civic<\/a> (2016).<\/p>\n<p>El a\u00f1o 2018 promete, \u00bfno cre\u00e9is?<\/p>\n","protected":false},"excerpt":{"rendered":"<p>Los autom\u00f3viles Honda cerraron un 2017 cargado de premios y han empezado 2018 con buen&#8230;<\/p>\n","protected":false},"author":3,"featured_media":7286,"comment_status":"open","ping_status":"open","sticky":false,"template":"","format":"standard","meta":{"_acf_changed":false,"footnotes":""},"categories":[11],"class_list":["post-7284","post","type-post","status-publish","format-standard","has-post-thumbnail","hentry","category-novedades"],"acf":[],"_links":{"self":[{"href":"https:\/\/www.honda.es\/hondadreams\/wp-json\/wp\/v2\/posts\/7284","targetHints":{"allow":["GET"]}}],"collection":[{"href":"https:\/\/www.honda.es\/hondadreams\/wp-json\/wp\/v2\/posts"}],"about":[{"href":"https:\/\/www.honda.es\/hondadreams\/wp-json\/wp\/v2\/types\/post"}],"author":[{"embeddable":true,"href":"https:\/\/www.honda.es\/hondadreams\/wp-json\/wp\/v2\/users\/3"}],"replies":[{"embeddable":true,"href":"https:\/\/www.honda.es\/hondadreams\/wp-json\/wp\/v2\/comments?post=7284"}],"version-history":[{"count":1,"href":"https:\/\/www.honda.es\/hondadreams\/wp-json\/wp\/v2\/posts\/7284\/revisions"}],"predecessor-version":[{"id":7287,"href":"https:\/\/www.honda.es\/hondadreams\/wp-json\/wp\/v2\/posts\/7284\/revisions\/7287"}],"wp:featuredmedia":[{"embeddable":true,"href":"https:\/\/www.honda.es\/hondadreams\/wp-json\/wp\/v2\/media\/7286"}],"wp:attachment":[{"href":"https:\/\/www.honda.es\/hondadreams\/wp-json\/wp\/v2\/media?parent=7284"}],"wp:term":[{"taxonomy":"category","embeddable":true,"href":"https:\/\/www.honda.es\/hondadreams\/wp-json\/wp\/v2\/categories?post=7284"}],"curies":[{"name":"wp","href":"https:\/\/api.w.org\/{rel}","templated":true}]}}