{"id":7304,"date":"2018-02-02T11:33:00","date_gmt":"2018-02-02T10:33:00","guid":{"rendered":"https:\/\/www.hondadreams.es\/?p=7304"},"modified":"2018-02-02T11:41:08","modified_gmt":"2018-02-02T10:41:08","slug":"nuevos-honda-civic-jazz-dynamic-europa","status":"publish","type":"post","link":"https:\/\/www.honda.es\/hondadreams\/2018\/02\/02\/nuevos-honda-civic-jazz-dynamic-europa\/","title":{"rendered":"Los nuevos Honda Civic Diesel y Honda Jazz Dynamic llegan a Europa"},"content":{"rendered":"<p>&nbsp;<\/p>\n<p>Roma ha sido el escenario escogido para la \u00faltima presentaci\u00f3n europea de Honda. M\u00e1s de 350 periodistas de 15 pa\u00edses de Europa habr\u00e1n podido conducir los dos nuevos modelos de la marca: el nuevo Civic con motorizaci\u00f3n di\u00e9sel, y el Jazz 2018, con la incorporaci\u00f3n de la nueva versi\u00f3n Dynamic. Jueves 1 y viernes 2 de febrero ha sido el turno de los 30 periodistas espa\u00f1oles, que han quedado impresionados por el rendimiento y el estilo deportivo de ambos modelos.<\/p>\n<div class=\"post-slider\">\n    <img loading=\"lazy\" decoding=\"async\" class=\"aligncenter wp-image-7310\" src=\"https:\/\/www.honda.es\/hondadreams\/wp-content\/uploads\/anp3952.jpg\" alt=\"Los nuevos Honda Civic Diesel y Honda Jazz Dynamic llegan a Europa\" width=\"467\" height=\"311\" \/><img loading=\"lazy\" decoding=\"async\" class=\"wp-image-7309 aligncenter\" src=\"https:\/\/www.honda.es\/hondadreams\/wp-content\/uploads\/anp3946.jpg\" alt=\"Los nuevos Honda Civic Diesel y Honda Jazz Dynamic llegan a Europa\" width=\"468\" height=\"312\" \/><img loading=\"lazy\" decoding=\"async\" class=\"wp-image-7308 aligncenter\" src=\"https:\/\/www.honda.es\/hondadreams\/wp-content\/uploads\/anp3933.jpg\" alt=\"Los nuevos Honda Civic Diesel y Honda Jazz Dynamic llegan a Europa\" width=\"464\" height=\"309\" \/><img loading=\"lazy\" decoding=\"async\" class=\"aligncenter wp-image-7307\" src=\"https:\/\/www.honda.es\/hondadreams\/wp-content\/uploads\/anp3915.jpg\" alt=\"Los nuevos Honda Civic Diesel y Honda Jazz Dynamic llegan a Europa\" width=\"459\" height=\"306\" \/><img loading=\"lazy\" decoding=\"async\" class=\"aligncenter wp-image-7305\" src=\"https:\/\/www.honda.es\/hondadreams\/wp-content\/uploads\/anp2013.jpg\" alt=\"Los nuevos Honda Civic Diesel y Honda Jazz Dynamic llegan a Europa\" width=\"454\" height=\"302\" \/>\n  <\/div>\n<h3><strong>Honda Civic Di\u00e9sel 2018: din\u00e1mico, sofisticado y elegante<\/strong><\/h3>\n<p>La <a href=\"https:\/\/hondanews.eu\/es\/es\/cars\/media\/pressreleases\/125331\/honda-civic-16-i-dtec-20181\" target=\"_blank\" rel=\"noopener\">nueva versi\u00f3n del Civic<\/a>, con un dise\u00f1o deportivo y muy sofisticado, ofrece una experiencia de conducci\u00f3n din\u00e1mica y atractiva gracias a su motor di\u00e9sel 1.6 i-DTEC, eficiente y refinado, adaptado a las nuevas necesidades del sector y erigi\u00e9ndose como una gran apuesta dentro del segmento C.<\/p>\n<p><img loading=\"lazy\" decoding=\"async\" width=\"705\" height=\"465\" class=\"aligncenter size-full wp-image-7314\" src=\"https:\/\/www.honda.es\/hondadreams\/wp-content\/uploads\/honda-civic-diesel-2018_01.jpg\" alt=\"2018 Civic i-DTEC Diesel\" \/><\/p>\n<p>Honda ha revisado a fondo su motor di\u00e9sel 1.6 litros i-DTEC de 88 kW (120 CV), ofreciendo una excelente combinaci\u00f3n entre rendimiento y eficiencia. El objetivo consist\u00eda en lograr una respuesta deportiva y una sensaci\u00f3n de agilidad para el conductor, un mayor refinamiento a trav\u00e9s de tecnolog\u00edas de precisi\u00f3n y niveles m\u00e1s bajos de emisiones de NOx.<\/p>\n<p>El motor di\u00e9sel i-DTEC de 1.597cc y cuatro cilindros ofrece una potencia de 88 kW (120 CV) a 4.000 rpm con un par m\u00e1ximo de 300Nm a 2.000 rpm, y una aceleraci\u00f3n de 0 a 100 km\/h de 10,5 segundos. Las emisiones de CO<sub>2 <\/sub>(seg\u00fan las nuevas pruebas del ciclo NEDC*) son de tan s\u00f3lo 91 g\/km (Civic Sed\u00e1n) y de 93 g\/km (Civic 5 puertas) en las versiones equipadas con transmisi\u00f3n manual. El consumo de combustible en ciclo mixto seg\u00fan las nuevas pruebas se sit\u00faa en los 3,4 l\/100 km (Sed\u00e1n) y los 3,5l\/100 km (5 puertas).<\/p>\n<p><img loading=\"lazy\" decoding=\"async\" class=\"aligncenter wp-image-7316\" src=\"https:\/\/www.honda.es\/hondadreams\/wp-content\/uploads\/honda-civic-diesel-2018_03.jpg\" alt=\"2018 Civic i-DTEC Diesel\" width=\"725\" height=\"483\" \/><\/p>\n<p>La d\u00e9cima generaci\u00f3n del Honda Civic, clave para Honda en Europa, culmina con una \u00e9poca de desarrollo de nuevos modelos cada vez m\u00e1s ambiciosos, y este modelo en concreto marca un punto de referencia para los compactos en t\u00e9rminos de rendimiento, eficiencia, seguridad y calidad, tal y como ha explicado Mitsuru Kariya, Chief Engineer y Global Project Leader de Honda.<\/p>\n<p>\u00a1Est\u00e1 todo pensado!<\/p>\n<h3><strong>Honda Jazz Dynamic 2018: versatilidad, sofisticaci\u00f3n y tecnolog\u00eda<\/strong><\/h3>\n<p>El nuevo Jazz se ha convertido en una combinaci\u00f3n \u00fanica de sofisticaci\u00f3n, versatilidad y elegancia, que se suma a una gran apuesta tecnol\u00f3gica. Este modelo llega para seguir consolidando la reputaci\u00f3n de todos los que le preceden, conservando su silueta cl\u00e1sica, pero con toques deportivos y din\u00e1micos que marcan la diferencia.<\/p>\n<p><img loading=\"lazy\" decoding=\"async\" class=\"aligncenter wp-image-7317\" src=\"https:\/\/www.honda.es\/hondadreams\/wp-content\/uploads\/honda-jazz-dynamic-2018_01.jpg\" alt=\"2018 Jazz Dynamic 1.5-litre i-VTEC\" width=\"741\" height=\"494\" \/><\/p>\n<p>El <a href=\"https:\/\/hondanews.eu\/es\/es\/cars\/media\/pressreleases\/125274\/honda-jazz-20181\" target=\"_blank\" rel=\"noopener\">nuevo modelo del Honda Jazz<\/a> se encuentra disponible con dos potentes y eficientes motores de gasolina\u2013 el conocido 1.3 litros i-VTEC y 75kW (102 CV) de la serie Earth Dreams Technology de Honda, y el nuevo 1.5 litros i-VTEC de 96 kW (130 CV). Este \u00faltimo se presenta en el Jazz por primera vez en Europa, ofreciendo a los clientes la opci\u00f3n de disfrutar de mayor potencia.<\/p>\n<p>El nuevo motor 1.5 i-VTEC combina un alto rendimiento con un bajo consumo de combustible. Su conducci\u00f3n se hace \u00e1gil y ligera, con una suspensi\u00f3n muy sofisticada que lo convierte en una gran opci\u00f3n para los usuarios europeos.<\/p>\n<p>El Jazz es un autom\u00f3vil compacto y eficiente que a la vez ofrece un dise\u00f1o amplio para los usuarios, con un material refinado y de alta calidad en su interior, acompa\u00f1ado del paquete Honda Connect (a partir de las versiones Comfort). Su dise\u00f1o exterior presenta deportividad y dinamismo, sin perder nunca su alma familiar.<\/p>\n<p><img loading=\"lazy\" decoding=\"async\" class=\"aligncenter wp-image-7319\" src=\"https:\/\/www.honda.es\/hondadreams\/wp-content\/uploads\/honda-jazz-dynamic-2018_03.jpg\" alt=\"2018 Jazz Dynamic 1.5-litre i-VTEC\" width=\"753\" height=\"502\" \/><\/p>\n<p>Y como no pod\u00eda ser de otra forma, garantiza una experiencia de conducci\u00f3n de las m\u00e1s seguras y avanzadas, gracias a sus sistemas de seguridad activa y pasiva. Todos los nuevos Jazz que se vendan en Europa se suministrar\u00e1n equipados de serie con el sistema de frenado activo en ciudad (CTBA) de Honda, dise\u00f1ado espec\u00edficamente para evitar y reducir los accidentes a baja velocidad. El conjunto completo de tecnolog\u00edas de seguridad activa de Honda, conocido como \u00absistema avanzado de asistencia a la conducci\u00f3n\u00bb (ADAS) est\u00e1 disponible de serie a partir de las versiones medias. El sistema ADAS incluye: el avisador de colisi\u00f3n frontal, el sistema de reconocimiento de se\u00f1ales de tr\u00e1fico, el limitador inteligente de velocidad, el sistema de alerta de cambio involuntario de carril y el sistema de luces de carretera autom\u00e1ticas.<\/p>\n<h3><strong>Una gran apuesta para 2018<\/strong><\/h3>\n<p>Tanto el Civic como el Jazz son fruto de una \u00e9poca de arduo trabajo por hacer que los modelos Honda sigan siendo referentes mundiales en cuanto a seguridad, desarrollo, tecnolog\u00eda y novedad.<\/p>\n<p>En cuanto al Civic Di\u00e9sel, los conceptos, el enfoque y las tecnolog\u00edas incorporadas confirman el posicionamiento de Honda como una marca deportiva y avanzada, y afianza su compromiso con Europa y el segmento compacto.<\/p>\n<p>Por su parte el Jazz Dynamic, se mantiene fiel al concepto \u201cman maximum, machine minimum\u201d (\u201cel m\u00e1ximo para el hombre, el m\u00ednimo para la m\u00e1quina\u201d) y abre una nueva p\u00e1gina en la historia del modelo, que desde el lanzamiento de la primera generaci\u00f3n en 2011 ya ha vendido aproximadamente 7 millones de unidades en todo el mundo.<\/p>\n<p>Seguimos avanzando. Pr\u00f3xima parada: \u00a1Sal\u00f3n de Ginebra!<\/p>\n","protected":false},"excerpt":{"rendered":"<p>&nbsp; Roma ha sido el escenario escogido para la \u00faltima presentaci\u00f3n europea de Honda. M\u00e1s&#8230;<\/p>\n","protected":false},"author":3,"featured_media":7306,"comment_status":"open","ping_status":"open","sticky":false,"template":"","format":"standard","meta":{"_acf_changed":false,"footnotes":""},"categories":[11],"class_list":["post-7304","post","type-post","status-publish","format-standard","has-post-thumbnail","hentry","category-novedades"],"acf":[],"_links":{"self":[{"href":"https:\/\/www.honda.es\/hondadreams\/wp-json\/wp\/v2\/posts\/7304","targetHints":{"allow":["GET"]}}],"collection":[{"href":"https:\/\/www.honda.es\/hondadreams\/wp-json\/wp\/v2\/posts"}],"about":[{"href":"https:\/\/www.honda.es\/hondadreams\/wp-json\/wp\/v2\/types\/post"}],"author":[{"embeddable":true,"href":"https:\/\/www.honda.es\/hondadreams\/wp-json\/wp\/v2\/users\/3"}],"replies":[{"embeddable":true,"href":"https:\/\/www.honda.es\/hondadreams\/wp-json\/wp\/v2\/comments?post=7304"}],"version-history":[{"count":11,"href":"https:\/\/www.honda.es\/hondadreams\/wp-json\/wp\/v2\/posts\/7304\/revisions"}],"predecessor-version":[{"id":7327,"href":"https:\/\/www.honda.es\/hondadreams\/wp-json\/wp\/v2\/posts\/7304\/revisions\/7327"}],"wp:featuredmedia":[{"embeddable":true,"href":"https:\/\/www.honda.es\/hondadreams\/wp-json\/wp\/v2\/media\/7306"}],"wp:attachment":[{"href":"https:\/\/www.honda.es\/hondadreams\/wp-json\/wp\/v2\/media?parent=7304"}],"wp:term":[{"taxonomy":"category","embeddable":true,"href":"https:\/\/www.honda.es\/hondadreams\/wp-json\/wp\/v2\/categories?post=7304"}],"curies":[{"name":"wp","href":"https:\/\/api.w.org\/{rel}","templated":true}]}}