{"id":748,"date":"2013-04-22T10:38:40","date_gmt":"2013-04-22T10:38:40","guid":{"rendered":"https:\/\/www.hondadreams.es\/?p=748"},"modified":"2016-09-07T12:20:17","modified_gmt":"2016-09-07T10:20:17","slug":"marc-marquez-hace-historia","status":"publish","type":"post","link":"https:\/\/www.honda.es\/hondadreams\/2013\/04\/22\/marc-marquez-hace-historia\/","title":{"rendered":"Marc M\u00e1rquez hace historia"},"content":{"rendered":"<p>Dif\u00edcilmente Marc M\u00e1rquez podr\u00e1 olvidar el <a href=\"http:\/\/www.motogp.com\/es\/news\/2013\/texas+marquez+race+motogp\">Gran Premio de las Am\u00e9ricas de Moto GP<\/a>, que se ha celebrado este pasado fin de semana en Austin (Texas, EE.UU.).\u00a0 A sus 20 a\u00f1os se ha consagrado como el piloto m\u00e1s joven que ha vencido en un gran premio de la categor\u00eda reina del motociclismo de velocidad.<\/p>\n<p>La victoria fue precedida el s\u00e1bado de un nuevo record para M\u00e1rquez, al ser tambi\u00e9n el piloto m\u00e1s joven que alcanzaba la \u201cpole\u201d y que le permit\u00eda ocupar en la parrilla una posici\u00f3n por delante de Dani Pedrosa.<\/p>\n<p>El duelo con su compa\u00f1ero en el equipo Repsol Honda, Dani Pedrosa, fue muy emocionante, y se resolvi\u00f3 a favor del piloto leridano por menos de dos segundos. Honda ha conseguido as\u00ed el primer doblete de la temporada, y M\u00e1rquez ya es col\u00edder del <a href=\"http:\/\/www.motogp.com\/es\">Mundial de Moto GP<\/a>, campeonato en el que Pedrosa ocupa la tercera posici\u00f3n.<\/p>\n<p>Con esta victoria y esta \u201cpole\u201d, M\u00e1rquez supera dos records del <a href=\"http:\/\/en.wikipedia.org\/wiki\/Freddie_Spencer\">m\u00edtico p\u00ecloto de Honda Freddie Spencer<\/a>, al ser 132 d\u00edas m\u00e1s joven que el piloto norteamericano. La inc\u00f3gnita ahora es saber si Marc M\u00e1rquez ser\u00e1 capaz de arrebatar un nuevo r\u00e9cord a Spencer y convertirse en el piloto m\u00e1s joven en lograr la corona de la m\u00e1xima categor\u00eda del motociclismo mundial.<\/p>\n<p style=\"text-align: center;\"><a href=\"https:\/\/www.honda.es\/hondadreams\/wp-content\/uploads\/93marquez4ng_0091_original.jpg\"><img loading=\"lazy\" decoding=\"async\" class=\"alignnone size-medium wp-image-750\" src=\"https:\/\/www.honda.es\/hondadreams\/wp-content\/uploads\/93marquez4ng_0091_original-600x337.jpg\" alt=\"93marquez4ng_0091_original\" width=\"600\" height=\"337\" \/><\/a><\/p>\n","protected":false},"excerpt":{"rendered":"<p>Dif\u00edcilmente Marc M\u00e1rquez podr\u00e1 olvidar el Gran Premio de las Am\u00e9ricas de Moto GP, que&#8230;<\/p>\n","protected":false},"author":2,"featured_media":749,"comment_status":"open","ping_status":"open","sticky":false,"template":"","format":"standard","meta":{"_acf_changed":false,"footnotes":""},"categories":[5],"class_list":["post-748","post","type-post","status-publish","format-standard","has-post-thumbnail","hentry","category-competicion"],"acf":[],"_links":{"self":[{"href":"https:\/\/www.honda.es\/hondadreams\/wp-json\/wp\/v2\/posts\/748","targetHints":{"allow":["GET"]}}],"collection":[{"href":"https:\/\/www.honda.es\/hondadreams\/wp-json\/wp\/v2\/posts"}],"about":[{"href":"https:\/\/www.honda.es\/hondadreams\/wp-json\/wp\/v2\/types\/post"}],"author":[{"embeddable":true,"href":"https:\/\/www.honda.es\/hondadreams\/wp-json\/wp\/v2\/users\/2"}],"replies":[{"embeddable":true,"href":"https:\/\/www.honda.es\/hondadreams\/wp-json\/wp\/v2\/comments?post=748"}],"version-history":[{"count":5,"href":"https:\/\/www.honda.es\/hondadreams\/wp-json\/wp\/v2\/posts\/748\/revisions"}],"predecessor-version":[{"id":6084,"href":"https:\/\/www.honda.es\/hondadreams\/wp-json\/wp\/v2\/posts\/748\/revisions\/6084"}],"wp:featuredmedia":[{"embeddable":true,"href":"https:\/\/www.honda.es\/hondadreams\/wp-json\/wp\/v2\/media\/749"}],"wp:attachment":[{"href":"https:\/\/www.honda.es\/hondadreams\/wp-json\/wp\/v2\/media?parent=748"}],"wp:term":[{"taxonomy":"category","embeddable":true,"href":"https:\/\/www.honda.es\/hondadreams\/wp-json\/wp\/v2\/categories?post=748"}],"curies":[{"name":"wp","href":"https:\/\/api.w.org\/{rel}","templated":true}]}}