{"id":7493,"date":"2018-04-30T12:13:31","date_gmt":"2018-04-30T10:13:31","guid":{"rendered":"https:\/\/www.hondadreams.es\/?p=7493"},"modified":"2018-04-30T12:13:31","modified_gmt":"2018-04-30T10:13:31","slug":"fin-semana-resultados-dispares-f1-wtcr","status":"publish","type":"post","link":"https:\/\/www.honda.es\/hondadreams\/2018\/04\/30\/fin-semana-resultados-dispares-f1-wtcr\/","title":{"rendered":"Fin de semana con resultados dispares en F1 y WTCR"},"content":{"rendered":"<p>Este fin de semana hemos visto de todo en los Grandes Premios disputados: F\u00f3rmula 1 en Bak\u00fa (Azerbaiy\u00e1n) y WTCR en Hungaroring (Hungr\u00eda). Veamos c\u00f3mo les ha ido a los pilotos Honda.<\/p>\n<h3><strong>Gran Premio dif\u00edcil para sumar un punto<\/strong><\/h3>\n<p>El Gran Premio de F1 en Bak\u00fa, Azerbaiy\u00e1n, no empezaba nada f\u00e1cil para los pilotos del equipo Red Bull Toro Rosso Honda. En la primera tanda de entrenamientos clasificatorios Pierre Gasly, pilotando a 320 km\/h, estuvo a punto de topar con su compa\u00f1ero Brendon Hartley, que acababa de sufrir un pinchazo y rodaba muy lento. A\u00fan as\u00ed, ambos lucharon, junto al gran trabajo y esfuerzo del equipo para sacar partido de la carrera del domingo.<\/p>\n<p>Hartley part\u00eda de la 19\u00aa posici\u00f3n y mantuvo un muy buen ritmo desde el inicio hasta el final de la carrera, lo que le permiti\u00f3 sumar su primer punto en la F\u00f3rmula 1 cruzando la l\u00ednea de meta en la 10\u00aa posici\u00f3n: \u201cme encontr\u00e9 con mucho l\u00edo, pero me mantuve alejado de los incidentes y me llev\u00e9 a casa mi primer punto en F1. Era importante para m\u00ed llegar al final de la carrera, especialmente despu\u00e9s de la jornada del s\u00e1bado\u201d.<\/p>\n<p>Por su parte, Gasly que tom\u00f3 la salida desde la 17\u00aa plaza, tuvo un buen comienzo de carrera, entrando en el top10 habiendo superado la primera vuelta. Durante el resto del Gran Premio, lo tuvo m\u00e1s dif\u00edcil: \u201cen las rectas me superaban muchos coches, no pude hacer demasiado para mantenerlos detr\u00e1s\u201d. Adem\u00e1s, tuvo un toque con Kevin Magnussen (Haas) y le dej\u00f3 la direcci\u00f3n da\u00f1ada. Sin duda, un fin de semana para dif\u00edcil para el piloto franc\u00e9s que se conform\u00f3 con la 12\u00aa posici\u00f3n.<\/p>\n<p>La victoria en Bak\u00fa fue para Lewis Hamilton (Mercedes), seguido de Kimi R\u00e4ikk\u00f6nen (Ferrari) y Sergio \u2018Checo\u2019 P\u00e9rez (Force India). Ahora queda una semana libre para preparar el Gran Premio de Espa\u00f1a de F\u00f3rmula 1 que se celebrar\u00e1 del 11 al 13 de mayo en el circuito de Montmel\u00f3.<\/p>\n<h3><strong>Dobletes y victorias en el WTCR de Hungaroring<\/strong><\/h3>\n<p>Tres carreras en la prueba del WTCR de Hungaroring, Hungr\u00eda, y \u00a1mucho que celebrar!\u00a0En la primera carrera Yann Ehrlacher, piloto del equipo ALL-INKL.COM M\u00fcnnich Motorsport, se llev\u00f3 la victoria despu\u00e9s de protagonizar una gran carrera. Le acompa\u00f1\u00f3 en el podio Esteban Guerrieri, consiguiendo la segunda posici\u00f3n por delante de Norbert Michelisz (Hyundai). Magn\u00edfico doblete en la primera carrera, en la que James Thompson (ALL-INKL.COM M\u00fcnnich Motorsport) y Benjamin Lessennes (Boutsen Ginion Racing) fueron 12\u00ba y 14\u00ba respectivamente.<\/p>\n<p><img loading=\"lazy\" decoding=\"async\" width=\"800\" height=\"532\" class=\"aligncenter size-full wp-image-7495\" src=\"https:\/\/www.honda.es\/hondadreams\/wp-content\/uploads\/594-fin-de-semana-con-resultados-dispares-en-f1-y-wtcr_pilotos-wtcr.jpg\" alt=\"594-fin-de-semana-con-resultados-dispares-en-f1-y-wtcr_pilotos-wtcr_ehrlacher_guerrieri\" \/><\/p>\n<p>Ya en la segunda carrera, Guerrieri fue el mejor clasificado, con la 5\u00aa posici\u00f3n, mientras que Lessennes le acompa\u00f1\u00f3 dentro del top10, con una s\u00f3lida 8\u00aa posici\u00f3n. Por su parte, Tom Coronel (Boutsen Ginion Racing) fue 20\u00ba y Ehrlacher 24\u00ba. Lamentablemente, Thompson tuvo que abandonar por problemas con el coche.<\/p>\n<p>Finalmente, en la tercera carrera, los resultados fueron mejores y algunos pilotos remontaron: Ehrlacher y Lessennes entraron en el top5, con la 4\u00aa y 5\u00aa posici\u00f3n, respectivamente, mientras que Thompson termin\u00f3 llev\u00e1ndose la 7\u00aa plaza. Peor suerte tuvieron Esteban Guerrieri, siendo 22\u00ba, y Tom Coronel, que tuvo que abandonar.<\/p>\n<p>La siguiente cita para estos turismos es la carrera de Alemania, que se disputar\u00e1 del 10 al 12 de mayo.<\/p>\n","protected":false},"excerpt":{"rendered":"<p>Este fin de semana hemos visto de todo en los Grandes Premios disputados: F\u00f3rmula 1&#8230;<\/p>\n","protected":false},"author":3,"featured_media":7496,"comment_status":"open","ping_status":"open","sticky":false,"template":"","format":"standard","meta":{"_acf_changed":false,"footnotes":""},"categories":[5],"class_list":["post-7493","post","type-post","status-publish","format-standard","has-post-thumbnail","hentry","category-competicion"],"acf":[],"_links":{"self":[{"href":"https:\/\/www.honda.es\/hondadreams\/wp-json\/wp\/v2\/posts\/7493","targetHints":{"allow":["GET"]}}],"collection":[{"href":"https:\/\/www.honda.es\/hondadreams\/wp-json\/wp\/v2\/posts"}],"about":[{"href":"https:\/\/www.honda.es\/hondadreams\/wp-json\/wp\/v2\/types\/post"}],"author":[{"embeddable":true,"href":"https:\/\/www.honda.es\/hondadreams\/wp-json\/wp\/v2\/users\/3"}],"replies":[{"embeddable":true,"href":"https:\/\/www.honda.es\/hondadreams\/wp-json\/wp\/v2\/comments?post=7493"}],"version-history":[{"count":1,"href":"https:\/\/www.honda.es\/hondadreams\/wp-json\/wp\/v2\/posts\/7493\/revisions"}],"predecessor-version":[{"id":7497,"href":"https:\/\/www.honda.es\/hondadreams\/wp-json\/wp\/v2\/posts\/7493\/revisions\/7497"}],"wp:featuredmedia":[{"embeddable":true,"href":"https:\/\/www.honda.es\/hondadreams\/wp-json\/wp\/v2\/media\/7496"}],"wp:attachment":[{"href":"https:\/\/www.honda.es\/hondadreams\/wp-json\/wp\/v2\/media?parent=7493"}],"wp:term":[{"taxonomy":"category","embeddable":true,"href":"https:\/\/www.honda.es\/hondadreams\/wp-json\/wp\/v2\/categories?post=7493"}],"curies":[{"name":"wp","href":"https:\/\/api.w.org\/{rel}","templated":true}]}}