{"id":7691,"date":"2018-08-06T10:00:35","date_gmt":"2018-08-06T08:00:35","guid":{"rendered":"https:\/\/www.hondadreams.es\/?p=7691"},"modified":"2018-08-07T12:11:32","modified_gmt":"2018-08-07T10:11:32","slug":"marquez-tercero-100-gp-motogp","status":"publish","type":"post","link":"https:\/\/www.honda.es\/hondadreams\/2018\/08\/06\/marquez-tercero-100-gp-motogp\/","title":{"rendered":"Marc M\u00e1rquez es tercero en su 100\u00ba Gran Premio en MotoGP"},"content":{"rendered":"<p>El piloto del Repsol Honda Team aumenta su ventaja al frente del campeonato de 2018 gracias a la tercera posici\u00f3n que ha conseguido en el circuito de Brno, en la Rep\u00fablica Checa.<\/p>\n<p>Marc M\u00e1rquez, que part\u00eda tercero, se ha situaba en el grupo de cabeza ya desde el inicio. En el \u00faltimo giro, el piloto del equipo Repsol Honda luch\u00f3 por la victoria junto al d\u00fao de Ducati, Andrea Dovizioso y Jorge Lorenzo. Finalmente las Ducati se impusieron y cerr\u00f3 su vuelta de vacaciones en el tercer escal\u00f3n del podio. \u201cNuestro objetivo para este fin de semana era aumentar nuestra ventaja al frente del campeonato y lo hemos conseguido. Estaba preparado para luchar, pero sinceramente, era dif\u00edcil contra las dos Ducati, ya que tienen una aceleraci\u00f3n fuerte y estabilidad en las frenadas\u201d, explicaba al terminar. M\u00e1rquez lo intent\u00f3 todo en su Gran Premio n\u00famero 100 en la categor\u00eda reina pero no pudo llevarse la victoria: \u201ces mi centenario y he utilizado la raz\u00f3n. Tercero es mi peor resultado este a\u00f1o, de las carreras que he terminado, as\u00ed que estoy contento y tranquilo\u201d, a\u00f1ad\u00eda.<\/p>\n<p>Dani Pedrosa, que sal\u00eda desde la d\u00e9cima posici\u00f3n de la parrilla, luch\u00f3 por acercarse al grupo de cabeza, y en las \u00faltimas vueltas consigui\u00f3 escalar posiciones hasta terminar octavo. \u201cNo me sent\u00eda c\u00f3modo en la moto; no pod\u00eda salir r\u00e1pido en las curvas, as\u00ed que intentaba recuperarlo en la entrada. Solo al final he podido hacer algunos adelantamientos\u201d, explicaba decepcionado.<\/p>\n<p><img loading=\"lazy\" decoding=\"async\" width=\"600\" height=\"400\" class=\"aligncenter size-medium wp-image-7692\" src=\"https:\/\/www.honda.es\/hondadreams\/wp-content\/uploads\/626-marc-marquez-es-tercero-en-su-100o-gran-premio-en-motogp_dani-pedrosa-600x400.jpg\" alt=\"626 - Marc M\u00e1rquez es tercero en su 100\u00ba Gran Premio en MotoGP\" \/><\/p>\n<p>Durante la jornada del lunes ambos pilotos completaron el test post Gran Premio con magn\u00edficos resultados: M\u00e1rquez ha sido el piloto m\u00e1s r\u00e1pido, con un tiempo de 1\u201955.209 que ha marcado en la vuelta 67 de las 77 completadas; mientras que Pedrosa terminaba el d\u00eda tercero, con un mejor tiempo de 1\u201955.399 registrado en la vuelta 46 de las 52 realizadas.<\/p>\n<p><img loading=\"lazy\" decoding=\"async\" width=\"600\" height=\"400\" class=\"aligncenter size-medium wp-image-7694\" src=\"https:\/\/www.honda.es\/hondadreams\/wp-content\/uploads\/626-marc-marquez-es-tercero-en-su-100o-gran-premio-en-motogp_test-600x400.jpg\" alt=\"626 - Marc M\u00e1rquez es tercero en su 100\u00ba Gran Premio en MotoGP\" \/><\/p>\n<p>Los pilotos del equipo Repsol Honda han trabajado en el intenso programa de HRC, que inclu\u00eda probar varias nuevas actualizaciones y mejorar la puesta a punto de la moto.<\/p>\n<p>Ahora, \u00a1rumbo a Austria!<\/p>\n","protected":false},"excerpt":{"rendered":"<p>El piloto del Repsol Honda Team aumenta su ventaja al frente del campeonato de 2018&#8230;<\/p>\n","protected":false},"author":3,"featured_media":7693,"comment_status":"open","ping_status":"open","sticky":false,"template":"","format":"standard","meta":{"_acf_changed":false,"footnotes":""},"categories":[5],"class_list":["post-7691","post","type-post","status-publish","format-standard","has-post-thumbnail","hentry","category-competicion"],"acf":[],"_links":{"self":[{"href":"https:\/\/www.honda.es\/hondadreams\/wp-json\/wp\/v2\/posts\/7691","targetHints":{"allow":["GET"]}}],"collection":[{"href":"https:\/\/www.honda.es\/hondadreams\/wp-json\/wp\/v2\/posts"}],"about":[{"href":"https:\/\/www.honda.es\/hondadreams\/wp-json\/wp\/v2\/types\/post"}],"author":[{"embeddable":true,"href":"https:\/\/www.honda.es\/hondadreams\/wp-json\/wp\/v2\/users\/3"}],"replies":[{"embeddable":true,"href":"https:\/\/www.honda.es\/hondadreams\/wp-json\/wp\/v2\/comments?post=7691"}],"version-history":[{"count":4,"href":"https:\/\/www.honda.es\/hondadreams\/wp-json\/wp\/v2\/posts\/7691\/revisions"}],"predecessor-version":[{"id":7697,"href":"https:\/\/www.honda.es\/hondadreams\/wp-json\/wp\/v2\/posts\/7691\/revisions\/7697"}],"wp:featuredmedia":[{"embeddable":true,"href":"https:\/\/www.honda.es\/hondadreams\/wp-json\/wp\/v2\/media\/7693"}],"wp:attachment":[{"href":"https:\/\/www.honda.es\/hondadreams\/wp-json\/wp\/v2\/media?parent=7691"}],"wp:term":[{"taxonomy":"category","embeddable":true,"href":"https:\/\/www.honda.es\/hondadreams\/wp-json\/wp\/v2\/categories?post=7691"}],"curies":[{"name":"wp","href":"https:\/\/api.w.org\/{rel}","templated":true}]}}