{"id":780,"date":"2013-05-14T11:14:28","date_gmt":"2013-05-14T11:14:28","guid":{"rendered":"https:\/\/www.hondadreams.es\/?p=780"},"modified":"2017-12-11T20:57:58","modified_gmt":"2017-12-11T18:57:58","slug":"el-terremoto-de-japon-una-oportunidad-para-reconstruir-fabricas-mas-verdes","status":"publish","type":"post","link":"https:\/\/www.honda.es\/hondadreams\/2013\/05\/14\/el-terremoto-de-japon-una-oportunidad-para-reconstruir-fabricas-mas-verdes\/","title":{"rendered":"El terremoto de Jap\u00f3n, una oportunidad para reconstruir f\u00e1bricas m\u00e1s verdes"},"content":{"rendered":"<p>Seguro que todos recordar\u00e9is el <a href=\"http:\/\/es.wikipedia.org\/wiki\/Terremoto_y_tsunami_de_Jap\u00f3n_de_2011\">terremoto<\/a> que arras\u00f3 el este de Jap\u00f3n en marzo de 2011. Hoy, poco m\u00e1s de dos a\u00f1os despu\u00e9s del desastre del que todav\u00eda muchas personas y compa\u00f1\u00edas siguen luchando por recomponerse, hacemos memoria para explicar c\u00f3mo Honda consigui\u00f3 recuperarse y aprovechar la oportunidad para impulsar sus <a href=\"http:\/\/world.honda.com\/environment\/report\/download\/index1.html\">objetivos medioambientales<\/a>.<\/p>\n<p>Tras el terremoto, el pa\u00eds tuvo que enfrentarse a una dura situaci\u00f3n que afect\u00f3 al suministro de recursos b\u00e1sicos como la electricidad, la gasolina y otras fuentes de energ\u00eda. En la f\u00e1brica de Honda en Tochigi, la m\u00e1s da\u00f1ada por el terremoto, el sistema de suministro de energ\u00eda de emergencia fue destruido, por lo que las instalaciones estuvieron dos d\u00edas sin electricidad. Cuando se recuper\u00f3 el suministro, el alumbrado no funcionaba, por lo que la f\u00e1brica sigui\u00f3 sumida en la oscuridad, lo que impidi\u00f3 a su vez que se evaluaran los da\u00f1os.<\/p>\n<p>Pero hasta las cat\u00e1strofes m\u00e1s destructivas pueden tener una cara positiva. En marzo de 2012, un a\u00f1o despu\u00e9s del terremoto, Honda <a href=\"http:\/\/world.honda.com\/environment\/report\/download\/2012\/2012_face_E_01.pdf\">reuni\u00f3<\/a> a diversos encargados de medioambiente de sus f\u00e1bricas para evaluar los avances medioambientales conseguidos por la compa\u00f1\u00eda en el a\u00f1o fiscal 2012 (abril 2011- marzo 2012), un a\u00f1o que se vio duramente afectado por el desastre natural.<\/p>\n<div id=\"attachment_782\" style=\"width: 610px\" class=\"wp-caption aligncenter\"><a href=\"https:\/\/www.honda.es\/hondadreams\/wp-content\/uploads\/Honda-recuperacion-terremoto.jpg\"><img loading=\"lazy\" decoding=\"async\" aria-describedby=\"caption-attachment-782\" class=\"size-medium wp-image-782\" alt=\"Detalle del caso de estudio del Environmental Iniciatives Honda Face\" src=\"https:\/\/www.honda.es\/hondadreams\/wp-content\/uploads\/Honda-recuperacion-terremoto-600x387.jpg\" width=\"600\" height=\"387\" \/><\/a><p id=\"caption-attachment-782\" class=\"wp-caption-text\">Detalle del caso de estudio del Environmental Iniciatives Honda Face<\/p><\/div>\n<p>Honda aprovech\u00f3 las circunstancias extremas para implementar importantes medidas de ahorro energ\u00e9tico. Chihiro Morimoto, Ingeniero Jefe en la Divisi\u00f3n de Administraci\u00f3n de Negocio de Saitama, destaca: \u201cImplementamos unas 140 medidas de ahorro de energ\u00eda y redujimos el consumo en un 35,6 % respecto al a\u00f1o anterior\u201d.<\/p>\n<p>Tras el desastre, adem\u00e1s, Honda ha dado grandes pasos en el desarrollo de tecnolog\u00edas de energ\u00edas renovables como la e\u00f3lica o la hidroel\u00e9ctrica. En la f\u00e1brica de Tochigi ya se est\u00e1n utilizando recursos hidrotermales subterr\u00e1neos: \u201cbombeamos el agua subterr\u00e1nea para usarla en procesos industriales y tambi\u00e9n la usamos para el sistema de aclimataci\u00f3n\u201d, cuenta Koichi Aonami, Director General de la Divisi\u00f3n de Administraci\u00f3n de Negocio en Tochigi. Masaomi Ajioka, Ingeniero Senior de Personal en la f\u00e1brica de Suzuka, recuerda el objetivo final del programa medioambiental de Honda: \u201cofrecer los coches m\u00e1s respetuosos con el medio ambiente del mundo desde f\u00e1bricas que produzcan cero emisiones de CO\u2082\u201d.<\/p>\n<p>En palabras de Kazunori Tateoka, Director de la Divisi\u00f3n de Garant\u00eda de Calidad en el centro de Innovaci\u00f3n en Calidad, reflexiona: \u201cLo que realmente me sorprendi\u00f3 fue la velocidad de la recuperaci\u00f3n y la reconstrucci\u00f3n tras el terremoto. Cuando en el futuro pensemos en inversiones en planta y en equipo, tenemos que considerar el medio ambiente junto con los niveles operacionales\u201d.<\/p>\n<p>A pesar de las dificultades, Honda consigui\u00f3 convertir la cat\u00e1strofe en una oportunidad y seguir creyendo en el poder de los sue\u00f1os.<\/p>\n","protected":false},"excerpt":{"rendered":"<p>Seguro que todos recordar\u00e9is el terremoto que arras\u00f3 el este de Jap\u00f3n en marzo de&#8230;<\/p>\n","protected":false},"author":3,"featured_media":841,"comment_status":"open","ping_status":"open","sticky":false,"template":"","format":"standard","meta":{"_acf_changed":false,"footnotes":""},"categories":[9,10,4],"class_list":["post-780","post","type-post","status-publish","format-standard","has-post-thumbnail","hentry","category-mundo-honda","category-rsc","category-sostenibilidad"],"acf":[],"_links":{"self":[{"href":"https:\/\/www.honda.es\/hondadreams\/wp-json\/wp\/v2\/posts\/780","targetHints":{"allow":["GET"]}}],"collection":[{"href":"https:\/\/www.honda.es\/hondadreams\/wp-json\/wp\/v2\/posts"}],"about":[{"href":"https:\/\/www.honda.es\/hondadreams\/wp-json\/wp\/v2\/types\/post"}],"author":[{"embeddable":true,"href":"https:\/\/www.honda.es\/hondadreams\/wp-json\/wp\/v2\/users\/3"}],"replies":[{"embeddable":true,"href":"https:\/\/www.honda.es\/hondadreams\/wp-json\/wp\/v2\/comments?post=780"}],"version-history":[{"count":12,"href":"https:\/\/www.honda.es\/hondadreams\/wp-json\/wp\/v2\/posts\/780\/revisions"}],"predecessor-version":[{"id":786,"href":"https:\/\/www.honda.es\/hondadreams\/wp-json\/wp\/v2\/posts\/780\/revisions\/786"}],"wp:featuredmedia":[{"embeddable":true,"href":"https:\/\/www.honda.es\/hondadreams\/wp-json\/wp\/v2\/media\/841"}],"wp:attachment":[{"href":"https:\/\/www.honda.es\/hondadreams\/wp-json\/wp\/v2\/media?parent=780"}],"wp:term":[{"taxonomy":"category","embeddable":true,"href":"https:\/\/www.honda.es\/hondadreams\/wp-json\/wp\/v2\/categories?post=780"}],"curies":[{"name":"wp","href":"https:\/\/api.w.org\/{rel}","templated":true}]}}