{"id":7846,"date":"2018-10-08T08:24:30","date_gmt":"2018-10-08T06:24:30","guid":{"rendered":"https:\/\/www.hondadreams.es\/?p=7846"},"modified":"2018-10-08T08:28:32","modified_gmt":"2018-10-08T06:28:32","slug":"las-dificultades-siguen-la-f1-marquez-se-acerca-la-victoria-motogp-wtcr-china-termina-guerrieri-ma-puntos","status":"publish","type":"post","link":"https:\/\/www.honda.es\/hondadreams\/2018\/10\/08\/las-dificultades-siguen-la-f1-marquez-se-acerca-la-victoria-motogp-wtcr-china-termina-guerrieri-ma-puntos\/","title":{"rendered":"M\u00e1rquez ya huele su quinta corona en MotoGP; Guerrieri y Ma entran en puntos en el WTCR de China"},"content":{"rendered":"<p>Las dificultades siguen en la F1, mientras M\u00e1rquez se acerca a la victoria en MotoGP y el WTCR de China termina con Guerrieri y Ma en puntos.<\/p>\n<p><strong>MotoGP: ya se huele el t\u00edtulo de campe\u00f3n<\/strong><\/p>\n<p><span lang=\"ca-ES\">F<\/span><span lang=\"ca-ES\">in de semana de r\u00e9cord <\/span><span lang=\"ca-ES\">y fuertes emociones <\/span><span lang=\"ca-ES\">para Marc M\u00e1rquez en el MotoGP de Tailandia. <\/span><span lang=\"ca-ES\">Sorprendentmente, comenz\u00f3 con una ca\u00edda durante la tercera sesi\u00f3n de entrenamientos libres que acab\u00f3 convierti\u00e9ndose en una \u00e9pica conquista de la victoria por el camino largo. No s\u00f3lo se hizo con la pole, sino que ofreci\u00f3 un ejemplo de superaci\u00f3n para la historia: es la primera vez que un piloto consigue llegar a la p<\/span><span lang=\"ca-ES\">ole desde la Q1. <\/span><\/p>\n<p><span lang=\"ca-ES\">A tan s\u00f3lo cuatro carreras del fin de la temporada, M\u00e1rquez <\/span><span lang=\"ca-ES\">ha dado un paso de gigante que lo coloca ya muy cerca del t\u00edtulo. Ser\u00eda su quinta corona GP, su s\u00e9ptimo t\u00edtulo mundial. El catal\u00e1n<\/span><span lang=\"ca-ES\"> se despide pues del reci\u00e9n estrenado circuito tailand\u00e9s <\/span><span lang=\"ca-ES\">de Buriram<\/span><span lang=\"ca-ES\"> con cinco puntos <\/span><span lang=\"ca-ES\">m\u00e1s en el bolsillo <\/span><span lang=\"ca-ES\">y<\/span><span lang=\"ca-ES\"> 77 puntos de ventaja <\/span><span lang=\"ca-ES\">sobre <\/span><span lang=\"ca-ES\">su principal perseguidor, el italiano de Ducati Andrea Dovizioso<\/span><span lang=\"ca-ES\">. Si mantiene el ritmo, podr\u00eda declarase ganador del campeonato en la cita de dentro de dos semanas en el Twin Ring Motegi, el circuito de Honda en Jap\u00f3n. <\/span> <span lang=\"ca-ES\">M\u00e1rquez ya <\/span><span lang=\"ca-ES\">ha <\/span><span lang=\"ca-ES\">conquist<\/span><span lang=\"ca-ES\">ado<\/span><span lang=\"ca-ES\"> el mundial en <\/span><span lang=\"ca-ES\">Jap\u00f3n en dos ocasiones: <\/span><span lang=\"ca-ES\">2014 y 2016.<\/span><\/p>\n<p><strong><span lang=\"ca-ES\">W<\/span><span lang=\"ca-ES\">TCR: Guerrieri y Ma terminan en puntos en China<\/span><\/strong><\/p>\n<p><span lang=\"ca-ES\">E<\/span><span lang=\"ca-ES\">l Mundial de Turismos <\/span><span lang=\"ca-ES\">que ten\u00eda lugar <\/span><span lang=\"ca-ES\">en el circuito urbano de Wuhan <\/span><span lang=\"ca-ES\">result\u00f3 en un accidentado fin de semana. Esteban<\/span> <span lang=\"ca-ES\">Guerrieri y Ma Qinghua, <\/span><span lang=\"ca-ES\">al volante de los Honda Civic, consiguieron sin embargo entrar en punt<\/span><span lang=\"ca-ES\">os. <\/span><\/p>\n<p><span lang=\"ca-ES\">Los resultados del fin de semana colocan a M\u00fcnnich y Boutsen Ginion, los equipos de <\/span><span lang=\"ca-ES\">Guerrieri y Ma, <\/span><span lang=\"ca-ES\">en tercera y d\u00e9cima posici\u00f3n,<\/span> <span lang=\"ca-ES\">respectivamente, en el Campeonato <\/span><span lang=\"ca-ES\">por<\/span><span lang=\"ca-ES\"> Equipos. <\/span><span lang=\"ca-ES\">Guerrieri, <\/span><span lang=\"ca-ES\">en sexta posici\u00f3n<\/span><span lang=\"ca-ES\">, es actualmente el piloto del Civic Type R TCR mejor posicionado en la <\/span><span lang=\"ca-ES\">tabla de puntos de los pilotos. <\/span><\/p>\n<p><span lang=\"ca-ES\">La pr\u00f3xima cita es dentro de tres semanas en Suzuka, el circuito de Honda en Jap\u00f3n.<\/span><img loading=\"lazy\" decoding=\"async\" width=\"600\" height=\"399\" class=\"aligncenter size-medium wp-image-7848\" src=\"https:\/\/www.honda.es\/hondadreams\/wp-content\/uploads\/wtcr-600x399.jpg\" alt=\"\" \/><\/p>\n<p><strong><span lang=\"ca-ES\">F1: <\/span><span lang=\"ca-ES\">promesas<\/span><span lang=\"ca-ES\"> en la clasificatoria, frustraci\u00f3n en la carrera<\/span><\/strong><\/p>\n<p><span lang=\"ca-ES\">El emotivo apoyo de los fans de <\/span><span lang=\"ca-ES\">Toro Rosso Honda <\/span><span lang=\"ca-ES\">en el circuito japon\u00e9s no fue suficiente para superar las dificultades <\/span><span lang=\"ca-ES\">del equipo, que hubiera querido poder recompensar el entusiasmo de las gradas en el circuito de Honda<\/span><span lang=\"ca-ES\">. Tras una muestra de fuerza y buena salud en la clasificatoria, al final no pudo ser y los pilotos se tuvieron que <\/span><span lang=\"ca-ES\">marchar<\/span><span lang=\"ca-ES\"> de Jap\u00f3n sin los puntos que esperaban.<\/span><\/p>\n<p><span lang=\"ca-ES\">Especialmente frustrante fue el fin de semana para <\/span>Pierre <span lang=\"ca-ES\">Gasly<\/span>, <span lang=\"ca-ES\">que corri\u00f3 a buen ritmo manteni\u00e9ndose dentro de los puntos durante gran parte de la carrera. Al final, sin embargo, no pudo evitar el adelantamiento de <\/span>Sainz <span lang=\"ca-ES\">que lo hizo terminar <\/span><span lang=\"ca-ES\">und\u00e9cimo<\/span><span lang=\"ca-ES\">. <\/span> \u201c<span lang=\"ca-ES\">Hoy podr\u00eda haber salido mejor, as\u00ed que necesitamos analizar en profundidad qu\u00e9 ocurri\u00f3\u00bb, comparti\u00f3 Gasly tras la carrera. Y a\u00f1adi\u00f3 : \u00abseguramente no tomamos las mejores decisiones, pero eso pasa a veces\u00bb. <\/span><\/p>\n<p><img loading=\"lazy\" decoding=\"async\" width=\"600\" height=\"300\" class=\"aligncenter size-medium wp-image-7849\" src=\"https:\/\/www.honda.es\/hondadreams\/wp-content\/uploads\/f1-2-600x300.jpg\" alt=\"\" \/><\/p>\n","protected":false},"excerpt":{"rendered":"<p>Las dificultades siguen en la F1, mientras M\u00e1rquez se acerca a la victoria en MotoGP&#8230;<\/p>\n","protected":false},"author":3,"featured_media":7847,"comment_status":"open","ping_status":"open","sticky":false,"template":"","format":"standard","meta":{"_acf_changed":false,"footnotes":""},"categories":[5],"class_list":["post-7846","post","type-post","status-publish","format-standard","has-post-thumbnail","hentry","category-competicion"],"acf":[],"_links":{"self":[{"href":"https:\/\/www.honda.es\/hondadreams\/wp-json\/wp\/v2\/posts\/7846","targetHints":{"allow":["GET"]}}],"collection":[{"href":"https:\/\/www.honda.es\/hondadreams\/wp-json\/wp\/v2\/posts"}],"about":[{"href":"https:\/\/www.honda.es\/hondadreams\/wp-json\/wp\/v2\/types\/post"}],"author":[{"embeddable":true,"href":"https:\/\/www.honda.es\/hondadreams\/wp-json\/wp\/v2\/users\/3"}],"replies":[{"embeddable":true,"href":"https:\/\/www.honda.es\/hondadreams\/wp-json\/wp\/v2\/comments?post=7846"}],"version-history":[{"count":3,"href":"https:\/\/www.honda.es\/hondadreams\/wp-json\/wp\/v2\/posts\/7846\/revisions"}],"predecessor-version":[{"id":7852,"href":"https:\/\/www.honda.es\/hondadreams\/wp-json\/wp\/v2\/posts\/7846\/revisions\/7852"}],"wp:featuredmedia":[{"embeddable":true,"href":"https:\/\/www.honda.es\/hondadreams\/wp-json\/wp\/v2\/media\/7847"}],"wp:attachment":[{"href":"https:\/\/www.honda.es\/hondadreams\/wp-json\/wp\/v2\/media?parent=7846"}],"wp:term":[{"taxonomy":"category","embeddable":true,"href":"https:\/\/www.honda.es\/hondadreams\/wp-json\/wp\/v2\/categories?post=7846"}],"curies":[{"name":"wp","href":"https:\/\/api.w.org\/{rel}","templated":true}]}}