{"id":8119,"date":"2019-01-25T10:16:29","date_gmt":"2019-01-25T09:16:29","guid":{"rendered":"https:\/\/www.hondadreams.es\/?p=8119"},"modified":"2019-01-25T10:16:29","modified_gmt":"2019-01-25T09:16:29","slug":"cuanto-sabes-del-honda-cr-v-descubrelo-con-este-test-para-fans","status":"publish","type":"post","link":"https:\/\/www.honda.es\/hondadreams\/2019\/01\/25\/cuanto-sabes-del-honda-cr-v-descubrelo-con-este-test-para-fans\/","title":{"rendered":"\u00bfCu\u00e1nto sabes del Honda CR-V? \u00a1Desc\u00fabrelo con este test para fans!"},"content":{"rendered":"<p>Hace 24 a\u00f1os que Honda trajo al mundo el primer CR-V, y el SUV m\u00e1s vendido del mundo todav\u00eda tiene mucho recorrido por delante, junto a otros modelos de la marca que nacieron siguiendo su estela.\u00a0 Con el nuevo <a href=\"https:\/\/www.honda.es\/cars\/new\/cr-v\/overview.html\">Honda CR-V<\/a> acabado de salir del horno, es hora de hacer memoria y recordar por qu\u00e9 ha sido el SUV m\u00e1s vendido del planeta.<\/p>\n<p>\u00bfY t\u00fa? \u00bfEres de los que se lo saben todo? Recuerda: \u00a1(casi) todas las respuestas est\u00e1n en este blog! En breve publicaremos las respuestas.<\/p>\n<p><strong>1- \u00bfCu\u00e1ntas generaciones existen del CR-V?<\/strong><\/p>\n<ol>\n<li>Tres<\/li>\n<li>Cuatro<\/li>\n<li>Cinco<\/li>\n<\/ol>\n<p><strong>2- \u00bfQu\u00e9 material se ha utilizado por primera vez en la nueva generaci\u00f3n del CR-V?<\/strong><\/p>\n<ol>\n<li>Resina moldeada con tinci\u00f3n en masa, que potencia la resistencia de la carrocer\u00eda a la intemperie, al rayado y a la abrasi\u00f3n.<\/li>\n<li>Acero estampado en caliente de ultra-alta resistencia, en las zonas que podr\u00edan verse m\u00e1s afectadas en caso de colisi\u00f3n.<\/li>\n<li>L\u00e1mina de polipropileno reforzada con fibra de vidrio, para reducir el peso del veh\u00edculo<\/li>\n<\/ol>\n<p><strong>3- \u00bfQu\u00e9 famoso piloto ha protagonizado la \u00faltima campa\u00f1a de publicidad del CR-V en Espa\u00f1a?<\/strong><\/p>\n<ol>\n<li>Marc M\u00e1rquez<\/li>\n<li>Dani Pedrosa<\/li>\n<li>Toni Bou<\/li>\n<\/ol>\n<p><strong>4- El Honda CR-V es el es primer SUV de la marca en Europa que incorpora\u2026<\/strong><\/p>\n<ol>\n<li>&#8230;el sistema de seguridad activa y preventiva Honda Sensing.<\/li>\n<li>&#8230;el sistema <em>All-Wheel-Drive<\/em> en tiempo real de Honda, que permite distribuir hasta un 60% de par a las ruedas.<\/li>\n<li>&#8230;el sistema Honda Hybrid Performance, la avanzada tecnolog\u00eda de propulsi\u00f3n h\u00edbrida de la marca.<\/li>\n<\/ol>\n<p><strong>5- \u00bfQu\u00e9 modelo Honda se considera el precursor del CR-V?<\/strong><\/p>\n<ol>\n<li>Honda Civic Shuttle 4WD<\/li>\n<li>Honda Pilot<\/li>\n<li>Honda HR-V<\/li>\n<\/ol>\n<p><strong>6- \u00bfEn qu\u00e9 a\u00f1o se lanz\u00f3 la primera generaci\u00f3n del Honda CR-V?<\/strong><\/p>\n<ol>\n<li>1993<\/li>\n<li>1994<\/li>\n<li>1995<\/li>\n<\/ol>\n<p><strong>7- \u00bfA qu\u00e9 categor\u00eda pertenec\u00eda el Honda CR-V original lanzado en Jap\u00f3n? Seg\u00fan las clasificaciones del gobierno nip\u00f3n, el modelo deb\u00eda posicionarse como&#8230;<\/strong><\/p>\n<ol>\n<li>&#8230; un veh\u00edculo de lujo.<\/li>\n<li>\u2026 un microcoche o <em>kei car<\/em>.<\/li>\n<\/ol>\n<p><strong>8- \u00bfQu\u00e9 generaci\u00f3n del CR-V introdujo el sistema inteligente de seguridad predictiva i-ACC (Intelligent Adaptive Cruise Control)?<\/strong><\/p>\n<ol>\n<li>La tercera<\/li>\n<li>La cuarta<\/li>\n<li>La quinta<\/li>\n<\/ol>\n","protected":false},"excerpt":{"rendered":"<p>Hace 24 a\u00f1os que Honda trajo al mundo el primer CR-V, y el SUV m\u00e1s&#8230;<\/p>\n","protected":false},"author":3,"featured_media":8121,"comment_status":"open","ping_status":"open","sticky":false,"template":"","format":"standard","meta":{"_acf_changed":false,"footnotes":""},"categories":[9],"class_list":["post-8119","post","type-post","status-publish","format-standard","has-post-thumbnail","hentry","category-mundo-honda"],"acf":[],"_links":{"self":[{"href":"https:\/\/www.honda.es\/hondadreams\/wp-json\/wp\/v2\/posts\/8119","targetHints":{"allow":["GET"]}}],"collection":[{"href":"https:\/\/www.honda.es\/hondadreams\/wp-json\/wp\/v2\/posts"}],"about":[{"href":"https:\/\/www.honda.es\/hondadreams\/wp-json\/wp\/v2\/types\/post"}],"author":[{"embeddable":true,"href":"https:\/\/www.honda.es\/hondadreams\/wp-json\/wp\/v2\/users\/3"}],"replies":[{"embeddable":true,"href":"https:\/\/www.honda.es\/hondadreams\/wp-json\/wp\/v2\/comments?post=8119"}],"version-history":[{"count":1,"href":"https:\/\/www.honda.es\/hondadreams\/wp-json\/wp\/v2\/posts\/8119\/revisions"}],"predecessor-version":[{"id":8120,"href":"https:\/\/www.honda.es\/hondadreams\/wp-json\/wp\/v2\/posts\/8119\/revisions\/8120"}],"wp:featuredmedia":[{"embeddable":true,"href":"https:\/\/www.honda.es\/hondadreams\/wp-json\/wp\/v2\/media\/8121"}],"wp:attachment":[{"href":"https:\/\/www.honda.es\/hondadreams\/wp-json\/wp\/v2\/media?parent=8119"}],"wp:term":[{"taxonomy":"category","embeddable":true,"href":"https:\/\/www.honda.es\/hondadreams\/wp-json\/wp\/v2\/categories?post=8119"}],"curies":[{"name":"wp","href":"https:\/\/api.w.org\/{rel}","templated":true}]}}