{"id":8402,"date":"2019-05-13T06:29:03","date_gmt":"2019-05-13T04:29:03","guid":{"rendered":"https:\/\/www.hondadreams.es\/?p=8402"},"modified":"2019-05-15T11:52:29","modified_gmt":"2019-05-15T09:52:29","slug":"podio-para-verstappen-en-montmelo-doblete-en-el-campeonato-de-turismos-de-eslovaquia","status":"publish","type":"post","link":"https:\/\/www.honda.es\/hondadreams\/2019\/05\/13\/podio-para-verstappen-en-montmelo-doblete-en-el-campeonato-de-turismos-de-eslovaquia\/","title":{"rendered":"Podio para Verstappen en Montmel\u00f3, doblete en el campeonato de turismos de Eslovaquia"},"content":{"rendered":"<p>Max Verstappen se hace con su tercer podio en el Circuit de Barcelona-Catalunya y el 24 de su carrera en la F\u00f3rmula 1. En Eslovaquia, el campeonato de turismos se salda con una doble victoria de los Civic de M\u00fcnnich Motorsport, que sigue sumando puntos de ventaja.<\/p>\n<h3><strong>F\u00f3rmula 1, tercer puesto para Verstappen<\/strong><\/h3>\n<p>Con la pista a casi 42\u00baC, el fin de semana de F\u00f3rmula 1 en el circuito de Montmel\u00f3 vio una ajustada salida. El podio de Verstappen se decidi\u00f3 al inicio de la carrera. Ya en la tercera curva, el piloto de Red Bull Racing Honda consigui\u00f3 superar al Ferrari de Sebastian Vettel en la lucha por la tercera posici\u00f3n.<\/p>\n<p>M\u00e1s atr\u00e1s, el otro piloto de Red Bull Pierre Gasly, que sal\u00eda desde P6, defend\u00eda su posici\u00f3n a capa y espada. Los Honda de Toro Rosso hicieron tambi\u00e9n una buena salida. Daniil Kvyat consigui\u00f3 mantener su P9 y Alex Albon gan\u00f3 una posici\u00f3n y se coloc\u00f3 en el d\u00e9cimo puesto.<\/p>\n<p><img loading=\"lazy\" decoding=\"async\" width=\"600\" height=\"222\" class=\"aligncenter size-medium wp-image-8404\" src=\"https:\/\/www.honda.es\/hondadreams\/wp-content\/uploads\/f1in_art_pierre-600x222.jpg\" alt=\"\" \/><\/p>\n<p>El safety car apareci\u00f3 en la vuelta 45, y tras salir de la pista, ya en la vuelta 52, las cosas empezaron a torcerse para Toro Rosso. Carlos Sainz aprovech\u00f3 para arrebatar la P9 a Daniil. En las filas de Red Bull, Pierre se defend\u00eda de los Haas y Max de Vettel.<\/p>\n<p>La bandera a cuadros de Montmel\u00f3, que esperemos que no marque la \u00faltima competici\u00f3n de F\u00f3rmula 1 en Catalunya, dio la bienvenida a Max, que consegu\u00eda as\u00ed el podio 163 para el equipo Red Bull, y el 24 de su carrera. Los Honda de Pierre y Daniil, que cruzaron la l\u00ednea de meta en sexta y novena posici\u00f3n respectivamente, sumaron puntos a sus equipos. Alex, sin embargo, se qued\u00f3 a las puertas del top 10, en P11.<\/p>\n<h3><strong>WTCR, Honda amplia diferencias<\/strong><\/h3>\n<p>El fin de semana del Campeonato de Turismos en Eslovaquia se sald\u00f3 con un magn\u00edfico doblete de los pilotos de M\u00fcnnich Motorsport N\u00e9stor Girolami y Esteban Guerrieri, tras el que el equipo ampl\u00eda su liderazgo a 50 puntos de ventaja.<\/p>\n<p>N\u00e9stor, \u201cBebu\u201d para sus compa\u00f1eros, consigui\u00f3 su tercera victoria en cuatro carreras, y la cuarta de la temporada para el equipo. Esteban, por su parte, se gan\u00f3 a pulso su tercer podio de la temporada.<\/p>\n<p>Fin de semana duro, sin embargo, para los Honda Civic Type R TCR de KCMG, tras sufrir dificultades en las calificatorias. Tiago Monteiro termin\u00f3 en posici\u00f3n 17 en las tres carreras. Attila Tassi se sali\u00f3 de pista en dos de las carreras, y termin\u00f3 en posici\u00f3n 18 en la primera.<\/p>\n<p><img loading=\"lazy\" decoding=\"async\" width=\"600\" height=\"399\" class=\"aligncenter size-medium wp-image-8405\" src=\"https:\/\/www.honda.es\/hondadreams\/wp-content\/uploads\/wtcr-3-600x399.jpg\" alt=\"\" \/><\/p>\n","protected":false},"excerpt":{"rendered":"<p>Max Verstappen se hace con su tercer podio en el Circuit de Barcelona-Catalunya y el&#8230;<\/p>\n","protected":false},"author":3,"featured_media":8411,"comment_status":"open","ping_status":"open","sticky":false,"template":"","format":"standard","meta":{"_acf_changed":false,"footnotes":""},"categories":[5],"class_list":["post-8402","post","type-post","status-publish","format-standard","has-post-thumbnail","hentry","category-competicion"],"acf":[],"_links":{"self":[{"href":"https:\/\/www.honda.es\/hondadreams\/wp-json\/wp\/v2\/posts\/8402","targetHints":{"allow":["GET"]}}],"collection":[{"href":"https:\/\/www.honda.es\/hondadreams\/wp-json\/wp\/v2\/posts"}],"about":[{"href":"https:\/\/www.honda.es\/hondadreams\/wp-json\/wp\/v2\/types\/post"}],"author":[{"embeddable":true,"href":"https:\/\/www.honda.es\/hondadreams\/wp-json\/wp\/v2\/users\/3"}],"replies":[{"embeddable":true,"href":"https:\/\/www.honda.es\/hondadreams\/wp-json\/wp\/v2\/comments?post=8402"}],"version-history":[{"count":3,"href":"https:\/\/www.honda.es\/hondadreams\/wp-json\/wp\/v2\/posts\/8402\/revisions"}],"predecessor-version":[{"id":8407,"href":"https:\/\/www.honda.es\/hondadreams\/wp-json\/wp\/v2\/posts\/8402\/revisions\/8407"}],"wp:featuredmedia":[{"embeddable":true,"href":"https:\/\/www.honda.es\/hondadreams\/wp-json\/wp\/v2\/media\/8411"}],"wp:attachment":[{"href":"https:\/\/www.honda.es\/hondadreams\/wp-json\/wp\/v2\/media?parent=8402"}],"wp:term":[{"taxonomy":"category","embeddable":true,"href":"https:\/\/www.honda.es\/hondadreams\/wp-json\/wp\/v2\/categories?post=8402"}],"curies":[{"name":"wp","href":"https:\/\/api.w.org\/{rel}","templated":true}]}}