{"id":8787,"date":"2019-10-18T13:04:19","date_gmt":"2019-10-18T11:04:19","guid":{"rendered":"https:\/\/www.hondadreams.es\/?p=8787"},"modified":"2019-10-18T13:04:19","modified_gmt":"2019-10-18T11:04:19","slug":"honda-y-la-triple-cero-un-compromiso-sostenible-por-el-medioambiente-y-las-bajas-emisiones","status":"publish","type":"post","link":"https:\/\/www.honda.es\/hondadreams\/2019\/10\/18\/honda-y-la-triple-cero-un-compromiso-sostenible-por-el-medioambiente-y-las-bajas-emisiones\/","title":{"rendered":"Honda y la Triple CERO: un compromiso sostenible por el medioambiente y las bajas emisiones"},"content":{"rendered":"<p>Expandir las posibilidades al m\u00e1ximo. Ser conscientes del placer de la libre movilidad y de una sociedad sostenible, donde la gente puede disfrutar y gozar de la vida. En el a\u00f1o 2011, Honda sent\u00f3 las bases de su <strong>Visi\u00f3n por el Medioambiente y la Seguridad<\/strong>, un paso m\u00e1s hacia el compromiso responsable por un mundo libre de emisiones y gases de efecto invernadero. Desde entonces, todas las actividades de Honda han querido alcanzar esta visi\u00f3n.<\/p>\n<h3>Eficiencia energ\u00e9tica<\/h3>\n<p>Honda siempre se ha posicionado en la batalla contra la contaminaci\u00f3n. Ya por 1972, se convirti\u00f3 en el primer fabricante en cumplir la normativa Clean Air Act de Estados Unidos, cuando apost\u00f3 con firmeza por el\u00a0 <strong>Honda Civic equipado con el primer motor CVCC de bajas emisiones<\/strong>, en un contexto de incipiente consternaci\u00f3n social por la contaminaci\u00f3n atmosf\u00e9rica. Un punto de inflexi\u00f3n en el desarrollo de tecnolog\u00edas de alta eficiencia en la combusti\u00f3n.<\/p>\n<p><img loading=\"lazy\" decoding=\"async\" width=\"600\" height=\"400\" class=\"aligncenter size-medium wp-image-8788\" src=\"https:\/\/www.honda.es\/hondadreams\/wp-content\/uploads\/124998_2018_civic_i-dtec_diesel-600x400.jpg\" alt=\"\" \/><\/p>\n<p>Fiel a su estrategia responsable con el medio ambiente, hoy Honda sigue profundizando en el \u00e1rea de gesti\u00f3n energ\u00e9tica con el objetivo de ofrecer soluciones de movilidad completas que miren y se preocupen por su entorno. Por ello, la flota de autom\u00f3viles de la compa\u00f1\u00eda se ha impulsado para ser uno de los referentes en la fabricaci\u00f3n de autom\u00f3viles que producen menos di\u00f3xido de carbono.<\/p>\n<p>Un paso m\u00e1s para fomentar e inspirar las bases de la movilidad del futuro, una movilidad m\u00e1s eficiente y baja en emisiones, que permita avanzar hacia logros todav\u00eda mayores como es la visi\u00f3n Honda: una s\u00f3lida apuesta medioambiental global centrada en la <strong>descarbonizaci\u00f3n y en soluciones de gesti\u00f3n energ\u00e9tic<\/strong>a que partan de la propulsi\u00f3n electrificada.<\/p>\n<h3>Triple CERO<\/h3>\n<p>La compa\u00f1\u00eda lucha contra el cambio clim\u00e1tico y la preservaci\u00f3n de la calidad del aire desde una matriz de tres v\u00e9rtices cuyo objetivo es <strong>reducir a cero las emisiones de CO2, los riesgos energ\u00e9ticos y los riesgos en el ciclo de producci\u00f3n<\/strong>. Un desaf\u00edo que se fundamenta en el uso de la energ\u00eda renovable, la no dependencia de las energ\u00edas f\u00f3siles y la maximizaci\u00f3n del uso eficiente de recursos respectivamente.<\/p>\n<p><img loading=\"lazy\" decoding=\"async\" width=\"600\" height=\"400\" class=\"aligncenter size-medium wp-image-8789\" src=\"https:\/\/www.honda.es\/hondadreams\/wp-content\/uploads\/185274_honda_e_the_perfect_balance_of_efficiency_and_performance_for_urban-600x400.jpg\" alt=\"\" \/><\/p>\n<p>Todo para lograr un doble objetivo: <strong>electrificar el 100% de sus ventas de autom\u00f3viles en Europa<\/strong> para el a\u00f1o 2025 (dos tercios de las ventas globales en 2030) y reducir al 50% las emisiones de CO2 en 2050.<\/p>\n<h3>Mercado competitivo<\/h3>\n<p>De aqu\u00ed al 2030 el parque automovil\u00edstico estar\u00e1 compuesto por una combinaci\u00f3n de modelos tradicionales, h\u00edbridos y soluciones el\u00e9ctricas adaptadas a los nuevos est\u00e1ndares y normativas de calidad del aire marcados por la agenda sostenible.<\/p>\n<p>Todav\u00eda hacen falta muchos esfuerzos para conseguir los prop\u00f3sitos para el 2030, pero las mejoras en <strong>el desarrollo de motores cada vez m\u00e1s eficientes, h\u00edbridos y el\u00e9ctricos, marcar\u00e1n la evoluci\u00f3n de la automoci\u00f3n<\/strong>, destinada a convertirse en el nuevo est\u00e1ndar. Un est\u00e1ndar marcado por una visi\u00f3n, la eficiencia energ\u00e9tica de la gama Honda. El futuro de la movilidad aguarda.<\/p>\n","protected":false},"excerpt":{"rendered":"<p>Expandir las posibilidades al m\u00e1ximo. Ser conscientes del placer de la libre movilidad y de&#8230;<\/p>\n","protected":false},"author":3,"featured_media":8789,"comment_status":"open","ping_status":"open","sticky":false,"template":"","format":"standard","meta":{"_acf_changed":false,"footnotes":""},"categories":[4],"class_list":["post-8787","post","type-post","status-publish","format-standard","has-post-thumbnail","hentry","category-sostenibilidad"],"acf":[],"_links":{"self":[{"href":"https:\/\/www.honda.es\/hondadreams\/wp-json\/wp\/v2\/posts\/8787","targetHints":{"allow":["GET"]}}],"collection":[{"href":"https:\/\/www.honda.es\/hondadreams\/wp-json\/wp\/v2\/posts"}],"about":[{"href":"https:\/\/www.honda.es\/hondadreams\/wp-json\/wp\/v2\/types\/post"}],"author":[{"embeddable":true,"href":"https:\/\/www.honda.es\/hondadreams\/wp-json\/wp\/v2\/users\/3"}],"replies":[{"embeddable":true,"href":"https:\/\/www.honda.es\/hondadreams\/wp-json\/wp\/v2\/comments?post=8787"}],"version-history":[{"count":1,"href":"https:\/\/www.honda.es\/hondadreams\/wp-json\/wp\/v2\/posts\/8787\/revisions"}],"predecessor-version":[{"id":8790,"href":"https:\/\/www.honda.es\/hondadreams\/wp-json\/wp\/v2\/posts\/8787\/revisions\/8790"}],"wp:featuredmedia":[{"embeddable":true,"href":"https:\/\/www.honda.es\/hondadreams\/wp-json\/wp\/v2\/media\/8789"}],"wp:attachment":[{"href":"https:\/\/www.honda.es\/hondadreams\/wp-json\/wp\/v2\/media?parent=8787"}],"wp:term":[{"taxonomy":"category","embeddable":true,"href":"https:\/\/www.honda.es\/hondadreams\/wp-json\/wp\/v2\/categories?post=8787"}],"curies":[{"name":"wp","href":"https:\/\/api.w.org\/{rel}","templated":true}]}}