{"id":883,"date":"2013-05-10T10:05:30","date_gmt":"2013-05-10T10:05:30","guid":{"rendered":"https:\/\/www.hondadreams.es\/?p=883"},"modified":"2013-05-13T11:37:45","modified_gmt":"2013-05-13T11:37:45","slug":"salon-del-automovil-de-barcelona-otro-clasico-en-marcha","status":"publish","type":"post","link":"https:\/\/www.honda.es\/hondadreams\/2013\/05\/10\/salon-del-automovil-de-barcelona-otro-clasico-en-marcha\/","title":{"rendered":"Sal\u00f3n del Autom\u00f3vil de Barcelona, otro cl\u00e1sico en marcha"},"content":{"rendered":"<p>Hoy viernes abre sus puertas el <a href=\"http:\/\/www.salonautomovil.com\/inicio\" target=\"_blank\">Sal\u00f3n del Autom\u00f3vil de Barcelona<\/a>, cita bienal y uno de los cert\u00e1menes del motor con m\u00e1s tradici\u00f3n de Europa. El Sal\u00f3n reunir\u00e1 a 22 marcas, entre las cuales estar\u00e1 presente Honda a trav\u00e9s de su Red de Concesionarios en Catalu\u00f1a.<\/p>\n<p>El encuentro, que hoy inaugura el presidente del gobierno espa\u00f1ol Mariano Rajoy, ha de servir para analizar la situaci\u00f3n de un sector estrat\u00e9gico en la econom\u00eda espa\u00f1ola y que representa el 10% de su PIB anual y aproximadamente un 20% de sus exportaciones. Un an\u00e1lisis que debe contemplar no s\u00f3lo la atracci\u00f3n de inversiones por parte de los fabricantes, sino tambi\u00e9n el est\u00edmulo a las ventas y pol\u00edticas de reactivaci\u00f3n del mercado.<\/p>\n<p>Honda est\u00e1 presente en el Sal\u00f3n con un stand que expone algunos de los modelos m\u00e1s representativos de la marca, como son el Civic y el CR-V, los modelos de Honda m\u00e1s vendidos en el mercado espa\u00f1ol. La <a href=\"http:\/\/www.hondacivic.es\/\" target=\"_blank\">novena generaci\u00f3n del Honda Civic<\/a>, que en el pasado 2012 cumpli\u00f3 los 40 a\u00f1os de vida, se expone en el Sal\u00f3n dotado con el nuevo motor diesel 1.6, perteneciente a la serie Earth Dreams Technology. Esta serie se trata de una nueva generaci\u00f3n de motores y transmisiones equipados con innovadora tecnolog\u00eda que ofrece un excepcional rendimiento junto con un bajo impacto medioambiental. Adem\u00e1s, el estand de Honda contar\u00e1 con la cuarta generaci\u00f3n del CR-V, que en noviembre se convertir\u00e1 en el segundo modelo de Honda en Europa equipado con el diesel 1.6, el Jazz y el Accord.<\/p>\n<div id=\"attachment_885\" style=\"width: 458px\" class=\"wp-caption aligncenter\"><a href=\"https:\/\/www.honda.es\/hondadreams\/wp-content\/uploads\/Honda-en-el-Sal\u00f3n-del-Automovil.jpg\"><img loading=\"lazy\" decoding=\"async\" aria-describedby=\"caption-attachment-885\" class=\"size-medium wp-image-885\" alt=\"Stand de Honda en el Sal\u00f3n del Autom\u00f3vil de Barcelona \" src=\"https:\/\/www.honda.es\/hondadreams\/wp-content\/uploads\/Honda-en-el-Sal\u00f3n-del-Automovil-448x600.jpg\" width=\"448\" height=\"600\" \/><\/a><p id=\"caption-attachment-885\" class=\"wp-caption-text\">Estand de Honda en el Sal\u00f3n del Autom\u00f3vil de Barcelona<\/p><\/div>\n","protected":false},"excerpt":{"rendered":"<p>Hoy viernes abre sus puertas el Sal\u00f3n del Autom\u00f3vil de Barcelona, cita bienal y uno&#8230;<\/p>\n","protected":false},"author":3,"featured_media":908,"comment_status":"open","ping_status":"open","sticky":false,"template":"","format":"standard","meta":{"_acf_changed":false,"footnotes":""},"categories":[9],"class_list":["post-883","post","type-post","status-publish","format-standard","has-post-thumbnail","hentry","category-mundo-honda"],"acf":[],"_links":{"self":[{"href":"https:\/\/www.honda.es\/hondadreams\/wp-json\/wp\/v2\/posts\/883","targetHints":{"allow":["GET"]}}],"collection":[{"href":"https:\/\/www.honda.es\/hondadreams\/wp-json\/wp\/v2\/posts"}],"about":[{"href":"https:\/\/www.honda.es\/hondadreams\/wp-json\/wp\/v2\/types\/post"}],"author":[{"embeddable":true,"href":"https:\/\/www.honda.es\/hondadreams\/wp-json\/wp\/v2\/users\/3"}],"replies":[{"embeddable":true,"href":"https:\/\/www.honda.es\/hondadreams\/wp-json\/wp\/v2\/comments?post=883"}],"version-history":[{"count":11,"href":"https:\/\/www.honda.es\/hondadreams\/wp-json\/wp\/v2\/posts\/883\/revisions"}],"predecessor-version":[{"id":889,"href":"https:\/\/www.honda.es\/hondadreams\/wp-json\/wp\/v2\/posts\/883\/revisions\/889"}],"wp:featuredmedia":[{"embeddable":true,"href":"https:\/\/www.honda.es\/hondadreams\/wp-json\/wp\/v2\/media\/908"}],"wp:attachment":[{"href":"https:\/\/www.honda.es\/hondadreams\/wp-json\/wp\/v2\/media?parent=883"}],"wp:term":[{"taxonomy":"category","embeddable":true,"href":"https:\/\/www.honda.es\/hondadreams\/wp-json\/wp\/v2\/categories?post=883"}],"curies":[{"name":"wp","href":"https:\/\/api.w.org\/{rel}","templated":true}]}}