{"id":8837,"date":"2019-10-31T11:08:35","date_gmt":"2019-10-31T10:08:35","guid":{"rendered":"https:\/\/www.hondadreams.es\/?p=8837"},"modified":"2019-10-31T11:08:53","modified_gmt":"2019-10-31T10:08:53","slug":"la-pasion-por-la-movilidad-en-el-salon-de-tokio-2019","status":"publish","type":"post","link":"https:\/\/www.honda.es\/hondadreams\/2019\/10\/31\/la-pasion-por-la-movilidad-en-el-salon-de-tokio-2019\/","title":{"rendered":"La pasi\u00f3n por la movilidad en el Sal\u00f3n de Tokio 2019"},"content":{"rendered":"<p>Honda ha presentado las \u00faltimas novedades de la compa\u00f1\u00eda en el Sal\u00f3n de Tokio 2019, con un cartel encabezado por la nueva generaci\u00f3n del Honda Jazz. La ocasi\u00f3n perfecta para ense\u00f1ar desde casa el total compromiso para conectar el potencial de las personas con el disfrute de la movilidad a trav\u00e9s de su amplio abanico de productos, incluyendo autom\u00f3viles, motocicletas o power products.<\/p>\n<h3>La clave de la electrificaci\u00f3n<\/h3>\n<p>\u201cIr m\u00e1s all\u00e1 y forzar los l\u00edmites de la realidad\u201d. En una sala repleta de expectaci\u00f3n y acompa\u00f1ado por el <a href=\"https:\/\/www.honda.es\/cars\/new\/coming-soon\/honda-e\/overview.html\">Honda e<\/a>, Takahiro Hachigo, presidente de Honda, ha se\u00f1alado con estas palabras el compromiso fundacional de Honda para establecer unos <strong>nuevos valores de movilidad que expandan las posibilidades de la sociedad<\/strong>.<\/p>\n<p>Honda lleva m\u00e1s de 20 a\u00f1os apostando por el futuro de la electrificaci\u00f3n y, por ello, ha escogido el Sal\u00f3n de Tokio para dar un paso al frente y presentar la nueva marca \u201c<strong>e: Technology<\/strong>\u201d, que unificar\u00e1 todos los productos electrificados de la marca bajo un mismo nombre global. Un sello que tiene como pasi\u00f3n poner la electricidad como energ\u00eda de la felicidad. El sello definir\u00e1 la nueva era de los modelos e:HEV (Veh\u00edculo El\u00e9ctrico H\u00edbrido), en la que se enmarca la presentaci\u00f3n de la nueva generaci\u00f3n del \u00a0Honda Jazz.<\/p>\n<h3>Honda Jazz, versatilidad de prestaciones<\/h3>\n<p>Confort y rendimiento. Dos conceptos que acompa\u00f1an el <a href=\"https:\/\/www.honda.es\/cars\/new\/coming-soon\/jazz-hybrid\/overview.html\">Honda Jazz<\/a> desde su origen y que ahora toman una nueva dimensi\u00f3n con la nueva propuesta de Honda para su ic\u00f3nico compacto de 5 puertas. Volver a la esencia para conjuntar potencia, prestaciones y sensaciones.<\/p>\n<p>El Honda Jazz contar\u00e1 con un<strong> avanzado sistema de propulsi\u00f3n h\u00edbrida de dos motores el\u00e9ctricos<\/strong> (generador e impulsor) que ofrecer\u00e1 una combinaci\u00f3n excepcional de rendimiento, conducci\u00f3n y un ahorro de combustible extraordinario. Adem\u00e1s, dispondr\u00e1 de una nueva variante para quien prefiera un dise\u00f1o m\u00e1s <em>crossover<\/em>, con el mismo sistema de propulsi\u00f3n h\u00edbrido pero una carrocer\u00eda m\u00e1s alta, un dise\u00f1o exclusivo de la parrilla delantera y una tapicer\u00eda resistente al agua.<\/p>\n<p>Dise\u00f1o sencillo y minimalista, conectividad intuitiva, <a href=\"https:\/\/www.honda.es\/cars\/world-of-honda\/honda-sensing.html\">Honda SENSING<\/a>\u2026 Su llegada est\u00e1 prevista para mediados de 2020 y, en palabras de Takahiro Hachigo, \u201cel Honda Jazz quiere acercar las vidas de las personas y, por ello, puedo asegurar que el Jazz es el coche compacto del futuro\u201d.<\/p>\n<h3>Expandir todo el potencial<\/h3>\n<p>La cita tambi\u00e9n permiti\u00f3 presentar al p\u00fablico las principales novedades de los modelos de dos ruedas. Por primera vez se present\u00f3 la gamberra reinterpretaci\u00f3n de la ic\u00f3nica scooter nipona Honda <strong>Super Cub CT125<\/strong>; los nuevos modelos electrificados <strong>Benly e<\/strong> y <strong>Gyro e<\/strong>, con sus caracter\u00edsticas tres ruedas; o las propuestas m\u00e1s atrevidas y aventureras con las nuevas <a href=\"https:\/\/www.honda.es\/motorcycles\/range\/adventure\/crf1100l-africa-twin-adventure-sports\/overview.html\">CRF1100L Africa Twin Adventure Sports<\/a> y la <a href=\"https:\/\/www.honda.es\/motorcycles\/range\/adventure\/crf1100l-africa-twin\/overview.html\">CRF1100L Africa Twin<\/a>, forjadas para la evasi\u00f3n.<\/p>\n<p>Tambi\u00e9n se desvelaron algunas de las innovaciones tecnol\u00f3gicas centradas en la gesti\u00f3n energ\u00e9tica. Desde la bater\u00eda<strong> Honda Mobile Power Pack<\/strong>, la propuesta urbana para conectar personas y movilidad urbana, hasta productos de uso m\u00e1s cotidiano como la <strong>LiB-AID E500 for Music<\/strong>, fuente de energ\u00eda port\u00e1til espec\u00edficamente dise\u00f1ada para equipos de audio de alta gama.<\/p>\n<p>Honda puso el broche a una de sus citas m\u00e1s importantes con la conmemoraci\u00f3n del 60 aniversario de la marca en competici\u00f3n.<\/p>\n<p>Puedes <strong>disfrutar de todas las novedades<\/strong> <strong>de Honda en el Sal\u00f3n de Tokio<\/strong> en nuestra galer\u00eda de fotos:<\/p>\n\n\t\t<style type=\"text\/css\">\n\t\t\t#gallery-1 {\n\t\t\t\tmargin: auto;\n\t\t\t}\n\t\t\t#gallery-1 .gallery-item {\n\t\t\t\tfloat: left;\n\t\t\t\tmargin-top: 10px;\n\t\t\t\ttext-align: center;\n\t\t\t\twidth: 50%;\n\t\t\t}\n\t\t\t#gallery-1 img {\n\t\t\t\tborder: 2px solid #cfcfcf;\n\t\t\t}\n\t\t\t#gallery-1 .gallery-caption {\n\t\t\t\tmargin-left: 0;\n\t\t\t}\n\t\t\t\/* see gallery_shortcode() in wp-includes\/media.php *\/\n\t\t<\/style>\n\t\t<div id='gallery-1' class='gallery galleryid-8837 gallery-columns-2 gallery-size-full'><dl class='gallery-item'>\n\t\t\t<dt class='gallery-icon landscape'>\n\t\t\t\t<a href='https:\/\/www.hondadreams.es\/wp-content\/uploads\/01-1.jpg'><img loading=\"lazy\" decoding=\"async\" width=\"980\" height=\"653\" src=\"https:\/\/www.hondadreams.es\/wp-content\/uploads\/01-1.jpg\" class=\"attachment-full size-full\" alt=\"\" \/><\/a>\n\t\t\t<\/dt><\/dl><dl class='gallery-item'>\n\t\t\t<dt class='gallery-icon landscape'>\n\t\t\t\t<a href='https:\/\/www.hondadreams.es\/wp-content\/uploads\/02-1.jpg'><img loading=\"lazy\" decoding=\"async\" width=\"980\" height=\"654\" src=\"https:\/\/www.hondadreams.es\/wp-content\/uploads\/02-1.jpg\" class=\"attachment-full size-full\" alt=\"\" \/><\/a>\n\t\t\t<\/dt><\/dl><br style=\"clear: both\" \/><dl class='gallery-item'>\n\t\t\t<dt class='gallery-icon landscape'>\n\t\t\t\t<a href='https:\/\/www.hondadreams.es\/wp-content\/uploads\/04-1.jpg'><img loading=\"lazy\" decoding=\"async\" width=\"980\" height=\"653\" src=\"https:\/\/www.hondadreams.es\/wp-content\/uploads\/04-1.jpg\" class=\"attachment-full size-full\" alt=\"\" \/><\/a>\n\t\t\t<\/dt><\/dl><dl class='gallery-item'>\n\t\t\t<dt class='gallery-icon landscape'>\n\t\t\t\t<a href='https:\/\/www.hondadreams.es\/wp-content\/uploads\/06-1.jpg'><img loading=\"lazy\" decoding=\"async\" width=\"980\" height=\"654\" src=\"https:\/\/www.hondadreams.es\/wp-content\/uploads\/06-1.jpg\" class=\"attachment-full size-full\" alt=\"\" \/><\/a>\n\t\t\t<\/dt><\/dl><br style=\"clear: both\" \/><dl class='gallery-item'>\n\t\t\t<dt class='gallery-icon landscape'>\n\t\t\t\t<a href='https:\/\/www.hondadreams.es\/wp-content\/uploads\/09.jpg'><img loading=\"lazy\" decoding=\"async\" width=\"980\" height=\"654\" src=\"https:\/\/www.hondadreams.es\/wp-content\/uploads\/09.jpg\" class=\"attachment-full size-full\" alt=\"\" \/><\/a>\n\t\t\t<\/dt><\/dl><dl class='gallery-item'>\n\t\t\t<dt class='gallery-icon landscape'>\n\t\t\t\t<a href='https:\/\/www.hondadreams.es\/wp-content\/uploads\/13-1.jpg'><img loading=\"lazy\" decoding=\"async\" width=\"980\" height=\"653\" src=\"https:\/\/www.hondadreams.es\/wp-content\/uploads\/13-1.jpg\" class=\"attachment-full size-full\" alt=\"\" \/><\/a>\n\t\t\t<\/dt><\/dl><br style=\"clear: both\" \/><dl class='gallery-item'>\n\t\t\t<dt class='gallery-icon landscape'>\n\t\t\t\t<a href='https:\/\/www.hondadreams.es\/wp-content\/uploads\/15-1.jpg'><img loading=\"lazy\" decoding=\"async\" width=\"980\" height=\"654\" src=\"https:\/\/www.hondadreams.es\/wp-content\/uploads\/15-1.jpg\" class=\"attachment-full size-full\" alt=\"\" \/><\/a>\n\t\t\t<\/dt><\/dl><dl class='gallery-item'>\n\t\t\t<dt class='gallery-icon landscape'>\n\t\t\t\t<a href='https:\/\/www.hondadreams.es\/wp-content\/uploads\/07-1.jpg'><img loading=\"lazy\" decoding=\"async\" width=\"980\" height=\"654\" src=\"https:\/\/www.hondadreams.es\/wp-content\/uploads\/07-1.jpg\" class=\"attachment-full size-full\" alt=\"\" \/><\/a>\n\t\t\t<\/dt><\/dl><br style=\"clear: both\" \/>\n\t\t<\/div>\n\n","protected":false},"excerpt":{"rendered":"<p>Honda ha presentado las \u00faltimas novedades de la compa\u00f1\u00eda en el Sal\u00f3n de Tokio 2019,&#8230;<\/p>\n","protected":false},"author":3,"featured_media":8838,"comment_status":"open","ping_status":"open","sticky":false,"template":"","format":"standard","meta":{"_acf_changed":false,"footnotes":""},"categories":[9],"class_list":["post-8837","post","type-post","status-publish","format-standard","has-post-thumbnail","hentry","category-mundo-honda"],"acf":[],"_links":{"self":[{"href":"https:\/\/www.honda.es\/hondadreams\/wp-json\/wp\/v2\/posts\/8837","targetHints":{"allow":["GET"]}}],"collection":[{"href":"https:\/\/www.honda.es\/hondadreams\/wp-json\/wp\/v2\/posts"}],"about":[{"href":"https:\/\/www.honda.es\/hondadreams\/wp-json\/wp\/v2\/types\/post"}],"author":[{"embeddable":true,"href":"https:\/\/www.honda.es\/hondadreams\/wp-json\/wp\/v2\/users\/3"}],"replies":[{"embeddable":true,"href":"https:\/\/www.honda.es\/hondadreams\/wp-json\/wp\/v2\/comments?post=8837"}],"version-history":[{"count":6,"href":"https:\/\/www.honda.es\/hondadreams\/wp-json\/wp\/v2\/posts\/8837\/revisions"}],"predecessor-version":[{"id":8852,"href":"https:\/\/www.honda.es\/hondadreams\/wp-json\/wp\/v2\/posts\/8837\/revisions\/8852"}],"wp:featuredmedia":[{"embeddable":true,"href":"https:\/\/www.honda.es\/hondadreams\/wp-json\/wp\/v2\/media\/8838"}],"wp:attachment":[{"href":"https:\/\/www.honda.es\/hondadreams\/wp-json\/wp\/v2\/media?parent=8837"}],"wp:term":[{"taxonomy":"category","embeddable":true,"href":"https:\/\/www.honda.es\/hondadreams\/wp-json\/wp\/v2\/categories?post=8837"}],"curies":[{"name":"wp","href":"https:\/\/api.w.org\/{rel}","templated":true}]}}