{"id":928,"date":"2013-05-16T12:19:55","date_gmt":"2013-05-16T12:19:55","guid":{"rendered":"https:\/\/www.hondadreams.es\/?p=928"},"modified":"2016-09-07T12:16:49","modified_gmt":"2016-09-07T10:16:49","slug":"la-genetica-manda-honda-regresa-a-la-formula1","status":"publish","type":"post","link":"https:\/\/www.honda.es\/hondadreams\/2013\/05\/16\/la-genetica-manda-honda-regresa-a-la-formula1\/","title":{"rendered":"La gen\u00e9tica manda: Honda regresa a la F\u00f3rmula1"},"content":{"rendered":"<p>Honda, en el mundo del motor, es sin\u00f3nimo de competici\u00f3n y la gen\u00e9tica deportiva ha marcado desde su origen a los productos de la marca. En autom\u00f3viles, desde 1964, Honda ha estado presente, en diversas etapas, en la categor\u00eda reina de la competici\u00f3n.<\/p>\n<p>Tras su retirada en 2008, Honda ha anunciado que volver\u00e1 a la m\u00e1xima divisi\u00f3n del automovilismo mundial en 2015, junto al reputado equipo brit\u00e1nico McLaren, una alianza que rememorar\u00e1 los laureles del m\u00edtico equipo de F\u00f3rmula 1 McLaren-Honda, que rein\u00f3 en los circuitos a finales de la d\u00e9cada de los 80 y principios de los 90.<\/p>\n<p>En este nuevo proyecto Honda se encargar\u00e1 del desarrollo, la fabricaci\u00f3n y el suministro de motores, incluyendo el sistema de recuperaci\u00f3n de energ\u00eda, mientras que McLaren desarrollar\u00e1 y fabricar\u00e1 el chasis, y gestionar\u00e1 el nuevo equipo, McLaren Honda.<\/p>\n<p>Los cambios en la normativa que regular\u00e1 la competici\u00f3n a partir de 2014 supondr\u00e1 la introducci\u00f3n de motores turbo 1.6 litros de inyecci\u00f3n directa que se apoyar\u00e1n en sistemas de recuperaci\u00f3n de energ\u00eda, es un estimulante reto del que un l\u00edder como Honda no quiere mantenerse al margen. La Compa\u00f1\u00eda se ha caracterizado, a lo largo de su historia, por su innovaci\u00f3n al desarrollar tecnolog\u00edas muy eficientes para sus motores de combusti\u00f3n interna, sin menoscabo de su rendimiento y potencia. La participaci\u00f3n en la F1, bajo estas nuevas especificaciones, impulsar\u00e1 todav\u00eda m\u00e1s el avance de Honda en el campo de la eficiencia y sostenibilidad, y permitir\u00e1 a una nueva generaci\u00f3n de ingenieros experimentar los retos y las emociones de participar en la m\u00e1xima categor\u00eda de la competici\u00f3n automovil\u00edstica.<\/p>\n<p>En este sentido, Takanobu Ito, Presidente y CEO de Honda Motor Co., Ltd, ha destacado el hecho de que \u201clas nuevas regulaciones de la F1 con su significativo enfoque medioambiental nos inspirar\u00e1n todav\u00eda m\u00e1s en el desarrollo de nuestras propias avanzadas tecnolog\u00edas y por eso nuestra participaci\u00f3n en la F1 es clave\u201d. Ito ha declarado que est\u00e1 convencido de que \u201cjunto con McLaren, uno de los m\u00e1s reconocidos constructores de la F1, Honda marcar\u00e1 una nueva era en su participaci\u00f3n en la F\u00f3rmula 1.\u201d<\/p>\n<p>Martin Whitmarsh, CEO de McLaren, tambi\u00e9n se ha mostrado muy ilusionado con este trabajo conjunto, y ha afirmado que \u201clos nombres McLaren y Honda son sin\u00f3nimo de \u00e9xito en la F\u00f3rmula 1. Tenemos un gran legado y estamos totalmente comprometidos en mantenerlo\u201d.<\/p>\n<p>Para los fans al mundo del motor y de Honda, comienza una impaciente cuenta atr\u00e1s\u2026<\/p>\n","protected":false},"excerpt":{"rendered":"<p>Honda, en el mundo del motor, es sin\u00f3nimo de competici\u00f3n y la gen\u00e9tica deportiva ha&#8230;<\/p>\n","protected":false},"author":2,"featured_media":938,"comment_status":"open","ping_status":"open","sticky":false,"template":"","format":"standard","meta":{"_acf_changed":false,"footnotes":""},"categories":[5,3,9],"class_list":["post-928","post","type-post","status-publish","format-standard","has-post-thumbnail","hentry","category-competicion","category-innovacion","category-mundo-honda"],"acf":[],"_links":{"self":[{"href":"https:\/\/www.honda.es\/hondadreams\/wp-json\/wp\/v2\/posts\/928","targetHints":{"allow":["GET"]}}],"collection":[{"href":"https:\/\/www.honda.es\/hondadreams\/wp-json\/wp\/v2\/posts"}],"about":[{"href":"https:\/\/www.honda.es\/hondadreams\/wp-json\/wp\/v2\/types\/post"}],"author":[{"embeddable":true,"href":"https:\/\/www.honda.es\/hondadreams\/wp-json\/wp\/v2\/users\/2"}],"replies":[{"embeddable":true,"href":"https:\/\/www.honda.es\/hondadreams\/wp-json\/wp\/v2\/comments?post=928"}],"version-history":[{"count":11,"href":"https:\/\/www.honda.es\/hondadreams\/wp-json\/wp\/v2\/posts\/928\/revisions"}],"predecessor-version":[{"id":6082,"href":"https:\/\/www.honda.es\/hondadreams\/wp-json\/wp\/v2\/posts\/928\/revisions\/6082"}],"wp:featuredmedia":[{"embeddable":true,"href":"https:\/\/www.honda.es\/hondadreams\/wp-json\/wp\/v2\/media\/938"}],"wp:attachment":[{"href":"https:\/\/www.honda.es\/hondadreams\/wp-json\/wp\/v2\/media?parent=928"}],"wp:term":[{"taxonomy":"category","embeddable":true,"href":"https:\/\/www.honda.es\/hondadreams\/wp-json\/wp\/v2\/categories?post=928"}],"curies":[{"name":"wp","href":"https:\/\/api.w.org\/{rel}","templated":true}]}}