{"id":9550,"date":"2020-10-26T05:29:42","date_gmt":"2020-10-26T04:29:42","guid":{"rendered":"https:\/\/www.hondadreams.es\/?p=9550"},"modified":"2020-10-26T05:34:11","modified_gmt":"2020-10-26T04:34:11","slug":"tercer-podio-consecutivo-para-verstappen-en-el-gp-de-f1-de-portugal","status":"publish","type":"post","link":"https:\/\/www.honda.es\/hondadreams\/2020\/10\/26\/tercer-podio-consecutivo-para-verstappen-en-el-gp-de-f1-de-portugal\/","title":{"rendered":"Tercer podio consecutivo de Verstappen en el GP de F1 de Portugal"},"content":{"rendered":"<p><span lang=\"es-ES\">Honda celebr\u00f3 <\/span><span lang=\"es-ES\">el regreso de<\/span><span lang=\"es-ES\"> la F\u00f3rmula 1 a Portugal por primera vez en casi un cuarto de siglo colocando dos de sus monoplazas entre l<\/span><span lang=\"es-ES\">a<\/span><span lang=\"es-ES\">s cinco primer<\/span><span lang=\"es-ES\">a<\/span><span lang=\"es-ES\">s <\/span><span lang=\"es-ES\">posiciones<\/span><span lang=\"es-ES\">. <\/span><span lang=\"es-ES\">Max Verstappen sigui\u00f3 con su racha y se asegur\u00f3 <\/span><span lang=\"es-ES\">con su Red Bull <\/span><span lang=\"es-ES\">el tercer escal\u00f3n del podio, <\/span><span lang=\"es-ES\">mientras<\/span> <span lang=\"es-ES\">que el AlphaTauri de <\/span><span lang=\"es-ES\">Pierre Gasly <\/span><span lang=\"es-ES\">obtuvo un brillante quinto lugar <\/span><span lang=\"es-ES\">tras firmar espectaculares pasadas sobre <\/span><span lang=\"es-ES\">Daniel <\/span><span lang=\"es-ES\">Ricciardo <\/span><span lang=\"es-ES\">(Renault) <\/span><span lang=\"es-ES\">o <\/span><span lang=\"es-ES\">Sergio P\u00e9rez <\/span><span lang=\"es-ES\">Checo<\/span><span lang=\"es-ES\"> (Racing Point)<\/span><span lang=\"es-ES\">. <\/span><\/p>\n<p><span lang=\"es-ES\">F<\/span><span lang=\"es-ES\">in de semana <\/span><span lang=\"es-ES\">hist\u00f3rico <\/span><span lang=\"es-ES\">en e<\/span><span lang=\"es-ES\">l Aut\u00f3dromo Internacional de Algarve, escenario del regreso de<\/span><span lang=\"es-ES\"> la F\u00f3rmula 1 a Portugal por primera vez <\/span><span lang=\"es-ES\">desde 1996<\/span><span lang=\"es-ES\">. <\/span><span lang=\"es-ES\">Tras<\/span><span lang=\"es-ES\"> los cambios <\/span><span lang=\"es-ES\">provocados por<\/span><span lang=\"es-ES\"> la pandemia <\/span><span lang=\"es-ES\">de la<\/span><span lang=\"es-ES\"> COVID-19, el circuito portugu\u00e9s de 4.670 metros, <\/span><span lang=\"es-ES\">ubicado<\/span><span lang=\"es-ES\"> en una de las zonas m\u00e1s tur\u00edsticas del mundo, acogi\u00f3 la duod\u00e9cima ronda de la extra\u00f1a temporada 2020. Por desgracia, la climatolog\u00eda <\/span><span lang=\"es-ES\">del d\u00eda, de lluvia, fr\u00edo y viento,<\/span> <span lang=\"es-ES\">no fue <\/span><span lang=\"es-ES\">lo que <\/span><span lang=\"es-ES\">se esperaba <\/span><span lang=\"es-ES\">de esta regi\u00f3n<\/span><span lang=\"es-ES\">. <\/span><\/p>\n<p><span lang=\"es-ES\">La carrera fue o<\/span><span lang=\"es-ES\">tra demostraci\u00f3n de fuerza de<\/span><span lang=\"es-ES\">l piloto de Aston Martin Red Bull Racing, <\/span><span lang=\"es-ES\">Mad <\/span><span lang=\"es-ES\">Max<\/span><span lang=\"es-ES\">, <\/span><span lang=\"es-ES\">que en las primeras curvas se atrevi\u00f3 a <\/span><span lang=\"es-ES\">atac<\/span><span lang=\"es-ES\">ar<\/span><span lang=\"es-ES\"> a<\/span><span lang=\"es-ES\">l Mercedes de<\/span><span lang=\"es-ES\"> Valtteri Bottas por el segundo lugar. <\/span><span lang=\"es-ES\">La maniobra no sali\u00f3 bien. Max se vio<\/span><span lang=\"es-ES\"> forzado a abrir<\/span><span lang=\"es-ES\">se<\/span><span lang=\"es-ES\"> y un contacto <\/span><span lang=\"es-ES\">con <\/span><span lang=\"es-ES\">Checo<\/span><span lang=\"es-ES\"> lo <\/span><span lang=\"es-ES\">hizo<\/span><span lang=\"es-ES\"> retroceder <\/span><span lang=\"es-ES\">hasta<\/span><span lang=\"es-ES\"> quinto lugar. Alex <\/span><span lang=\"es-ES\">Albon<\/span><span lang=\"es-ES\"> tambi\u00e9n perdi\u00f3 terreno en la primera vuelta, <\/span><span lang=\"es-ES\">mientras que el AlphaTauri<\/span><span lang=\"es-ES\"> Pierre se mantuvo justo dentro de los diez primeros. <\/span><span lang=\"es-ES\">Gracias <\/span><span lang=\"es-ES\">los neum\u00e1ticos blandos, Max<\/span><span lang=\"es-ES\"> recuper<\/span><span lang=\"es-ES\">\u00f3 veloz<\/span> <span lang=\"es-ES\">la<\/span><span lang=\"es-ES\"> tercer<\/span><span lang=\"es-ES\">a<\/span> <span lang=\"es-ES\">posici\u00f3n<\/span> <span lang=\"es-ES\">al amainar la lluvia <\/span><span lang=\"es-ES\">en la s\u00e9ptima vuelta<\/span><span lang=\"es-ES\">, y dedic\u00f3 <\/span><span lang=\"es-ES\">el resto de la carrera<\/span><span lang=\"es-ES\"> a meter presi\u00f3n a los Mercedes. <\/span><\/p>\n<p><img decoding=\"async\" src=\"https:\/\/www.honda.es\/hondadreams\/wp-content\/uploads\/max1-3-600x400.jpg\" alt=\"\" \/><\/p>\n<p><span lang=\"es-ES\">Por detr\u00e1s<\/span><span lang=\"es-ES\">, <\/span><span lang=\"es-ES\">un impresionante <\/span><span lang=\"es-ES\">Pierre <\/span><span lang=\"es-ES\">arrebataba el octavo lugar<\/span><span lang=\"es-ES\"> a Kimi Raikkonen <\/span><span lang=\"es-ES\">(Alfa Romeo)<\/span><span lang=\"es-ES\"> en la vuelta 10, y tres vueltas m\u00e1s tarde <\/span><span lang=\"es-ES\">se pon\u00eda s<\/span><span lang=\"es-ES\">exto tras hacerse con<\/span> <span lang=\"es-ES\">el McLaren de <\/span><span lang=\"es-ES\">Lando Norris. <\/span><span lang=\"es-ES\">En la 20, el franc\u00e9s pas\u00f3 a <\/span><span lang=\"es-ES\">Carlos Sainz <\/span><span lang=\"es-ES\">y subi\u00f3 a quinto puesto. Aunque <\/span><span lang=\"es-ES\">el AlphaTauri<\/span><span lang=\"es-ES\"> perdi\u00f3 ante Ricciardo despu\u00e9s de su parada en boxes, pronto se abri\u00f3 camino de regreso por delante del Renault y subi\u00f3 al s\u00e9ptimo lugar, que se convirti\u00f3 en sexto cuando Esteban Ocon se detuvo. P\u00e9rez hizo una segunda parada en boxes y sali\u00f3 por delante de Pierre con neum\u00e1ticos blandos, pero el piloto de la Scuderia AlphaTauri <\/span><span lang=\"es-ES\">mantuvo el <\/span><span lang=\"es-ES\">ritmo, se acerc\u00f3 al Racing Point <\/span><span lang=\"es-ES\">y<\/span> <span lang=\"es-ES\">lo super\u00f3 sin remilgos con una<\/span><span lang=\"es-ES\"> excelente <\/span><span lang=\"es-ES\">maniobra<\/span><span lang=\"es-ES\"> por el exterior en la curva 1 en la pen\u00faltima vuelta para tomar una <\/span><span lang=\"es-ES\">brillante<\/span><span lang=\"es-ES\"> quinta <\/span><span lang=\"es-ES\">posici\u00f3n final<\/span><span lang=\"es-ES\">.<\/span><\/p>\n<p><img decoding=\"async\" src=\"https:\/\/www.honda.es\/hondadreams\/wp-content\/uploads\/alpha1-1-600x400.jpg\" alt=\"\" \/><\/p>\n<p><span lang=\"es-ES\">No fue, sin embargo, una buena jornada para <\/span><span lang=\"es-ES\">Alex <\/span><span lang=\"es-ES\">Albon <\/span><span lang=\"es-ES\">y <\/span><span lang=\"es-ES\">Daniil <\/span><span lang=\"es-ES\">K<\/span><span lang=\"es-ES\">vyat<\/span><span lang=\"es-ES\">. <\/span><span lang=\"es-ES\">L<\/span><span lang=\"es-ES\">as dos paradas de<\/span><span lang=\"es-ES\">l Red Bull<\/span><span lang=\"es-ES\"> no rindieron frutos, ya que estaba limitado al puesto 12 a pesar de un fuerte per\u00edodo final, mientras que <\/span><span lang=\"es-ES\">el AlphaTauri<\/span><span lang=\"es-ES\"> se clasific\u00f3 en el puesto 19 <\/span><span lang=\"es-ES\">tras <\/span><span lang=\"es-ES\">detenerse tambi\u00e9n dos veces <\/span><span lang=\"es-ES\">y <\/span><span lang=\"es-ES\">recib<\/span><span lang=\"es-ES\">ir<\/span><span lang=\"es-ES\"> una penalizaci\u00f3n de cinco segundos por exceder los l\u00edmites de la pista.<\/span><\/p>\n<p><img decoding=\"async\" src=\"https:\/\/www.honda.es\/hondadreams\/wp-content\/uploads\/alpha2-2-600x373.jpg\" alt=\"\" \/><\/p>\n<p>Aparte de tres carreras en las que no pudo finalizar, Max ha terminado en el podio en las 12 pruebas que se han disputado hasta la fecha. Lo mejor, sin duda, ha sido su<a href=\"https:\/\/www.honda.es\/hondadreams\/2020\/08\/10\/flamante-victoria-de-verstappen-el-gp-70-aniversario-de-f1-motogp-de-sorpresas-sin-marc\/\"> flamante victoria<\/a><a href=\"https:\/\/www.honda.es\/hondadreams\/2020\/08\/10\/flamante-victoria-de-verstappen-el-gp-70-aniversario-de-f1-motogp-de-sorpresas-sin-marc\/\"> en Silverstone<\/a>, en la jornada que celebr\u00f3 el 70 aniversario del campeonato.<\/p>\n","protected":false},"excerpt":{"rendered":"<p>Honda celebr\u00f3 el regreso de la F\u00f3rmula 1 a Portugal por primera vez en casi&#8230;<\/p>\n","protected":false},"author":3,"featured_media":9557,"comment_status":"open","ping_status":"open","sticky":false,"template":"","format":"standard","meta":{"_acf_changed":false,"footnotes":""},"categories":[5],"class_list":["post-9550","post","type-post","status-publish","format-standard","has-post-thumbnail","hentry","category-competicion"],"acf":[],"_links":{"self":[{"href":"https:\/\/www.honda.es\/hondadreams\/wp-json\/wp\/v2\/posts\/9550","targetHints":{"allow":["GET"]}}],"collection":[{"href":"https:\/\/www.honda.es\/hondadreams\/wp-json\/wp\/v2\/posts"}],"about":[{"href":"https:\/\/www.honda.es\/hondadreams\/wp-json\/wp\/v2\/types\/post"}],"author":[{"embeddable":true,"href":"https:\/\/www.honda.es\/hondadreams\/wp-json\/wp\/v2\/users\/3"}],"replies":[{"embeddable":true,"href":"https:\/\/www.honda.es\/hondadreams\/wp-json\/wp\/v2\/comments?post=9550"}],"version-history":[{"count":5,"href":"https:\/\/www.honda.es\/hondadreams\/wp-json\/wp\/v2\/posts\/9550\/revisions"}],"predecessor-version":[{"id":9560,"href":"https:\/\/www.honda.es\/hondadreams\/wp-json\/wp\/v2\/posts\/9550\/revisions\/9560"}],"wp:featuredmedia":[{"embeddable":true,"href":"https:\/\/www.honda.es\/hondadreams\/wp-json\/wp\/v2\/media\/9557"}],"wp:attachment":[{"href":"https:\/\/www.honda.es\/hondadreams\/wp-json\/wp\/v2\/media?parent=9550"}],"wp:term":[{"taxonomy":"category","embeddable":true,"href":"https:\/\/www.honda.es\/hondadreams\/wp-json\/wp\/v2\/categories?post=9550"}],"curies":[{"name":"wp","href":"https:\/\/api.w.org\/{rel}","templated":true}]}}