{"id":958,"date":"2013-05-20T10:00:58","date_gmt":"2013-05-20T10:00:58","guid":{"rendered":"https:\/\/www.hondadreams.es\/?p=958"},"modified":"2013-06-19T13:04:19","modified_gmt":"2013-06-19T11:04:19","slug":"carrera-salzburgring-wtcc-honda","status":"publish","type":"post","link":"https:\/\/www.honda.es\/hondadreams\/2013\/05\/20\/carrera-salzburgring-wtcc-honda\/","title":{"rendered":"Podio y puntos, recompensa de Honda en Salzburgring"},"content":{"rendered":"<p>Las sanciones que relegaron a los Civic WTCC a las \u00faltimas plazas de la parrilla de salida, en la primera <a href=\"http:\/\/www.fiawtcc.com\/\" target=\"_blank\">carrera de Salzburgring<\/a>, condicionaron la estrategia del equipo de Honda, que tuvo que optar por acabar la 1\u00aa prueba indemne y apostar por el ataque en la segunda carrera, aprovechando la parrilla inversa.<\/p>\n<p>Durante las primeras curvas, el h\u00fangaro Norbert Michelisz lider\u00f3 la segunda prueba antes de ser adelantado por James Nash, a quien no pudo volver a avanzar a pesar de mantenerse constantemente muy cerca. A dos vueltas para el final, Michelisz no pudo resistir la presi\u00f3n del ex campe\u00f3n Yvan Muller, que acab\u00f3 por adelantarlo y se hizo con la 2\u00aa posici\u00f3n en la d\u00e9cima vuelta, posicionando a Michelisz en el tercer lugar y con un nuevo podio en el Campeonato.<\/p>\n<div id=\"attachment_961\" style=\"width: 610px\" class=\"wp-caption aligncenter\"><a href=\"https:\/\/www.honda.es\/hondadreams\/wp-content\/uploads\/Zengo-Honda-Salzburgring_-_WTCC.jpg\"><img loading=\"lazy\" decoding=\"async\" aria-describedby=\"caption-attachment-961\" class=\"size-medium wp-image-961\" alt=\"Zengo Honda en la carrera de Salzburgring\" src=\"https:\/\/www.honda.es\/hondadreams\/wp-content\/uploads\/Zengo-Honda-Salzburgring_-_WTCC-600x399.jpg\" width=\"600\" height=\"399\" \/><\/a><p id=\"caption-attachment-961\" class=\"wp-caption-text\">Zengo Honda en la carrera de Salzburgring<\/p><\/div>\n<p>Por su parte Tiago Monteiro estuvo luchando por la 3\u00aa posici\u00f3n hasta la s\u00e9ptima vuelta en la que Muller le adelant\u00f3, un adelantamiento que supuso la cuarta plaza para Monteiro, resultado que el piloto valor\u00f3 muy positivamente. Mientras tanto Gabriele Tarquini sumaba puntos para el campeonato de conductores pero se quedaba con la 8\u00aa posici\u00f3n, un resultado no tan gratificante.<\/p>\n<p>El fin de semana y la carrera de Salzburgring se saldan as\u00ed con un podio para el Civic WTCC de Michelisz \u2013siendo \u00e9ste su tercer podio consecutivo tras Eslovaquia y Hungr\u00eda\u2013 y la cuarta y octava posici\u00f3n para Monteiro y Tarquini.<\/p>\n<div id=\"attachment_960\" style=\"width: 409px\" class=\"wp-caption aligncenter\"><a href=\"https:\/\/www.honda.es\/hondadreams\/wp-content\/uploads\/Tiago-Monteiro-Salzburgring_-_WTCC.jpg\"><img loading=\"lazy\" decoding=\"async\" aria-describedby=\"caption-attachment-960\" class=\"size-medium wp-image-960\" alt=\"Tiago Monteiro en Salzburgring\" src=\"https:\/\/www.honda.es\/hondadreams\/wp-content\/uploads\/Tiago-Monteiro-Salzburgring_-_WTCC-399x600.jpg\" width=\"399\" height=\"600\" \/><\/a><p id=\"caption-attachment-960\" class=\"wp-caption-text\">Tiago Monteiro en Salzburgring<\/p><\/div>\n","protected":false},"excerpt":{"rendered":"<p>Las sanciones que relegaron a los Civic WTCC a las \u00faltimas plazas de la parrilla&#8230;<\/p>\n","protected":false},"author":3,"featured_media":962,"comment_status":"open","ping_status":"open","sticky":false,"template":"","format":"standard","meta":{"_acf_changed":false,"footnotes":""},"categories":[5],"class_list":["post-958","post","type-post","status-publish","format-standard","has-post-thumbnail","hentry","category-competicion"],"acf":[],"_links":{"self":[{"href":"https:\/\/www.honda.es\/hondadreams\/wp-json\/wp\/v2\/posts\/958","targetHints":{"allow":["GET"]}}],"collection":[{"href":"https:\/\/www.honda.es\/hondadreams\/wp-json\/wp\/v2\/posts"}],"about":[{"href":"https:\/\/www.honda.es\/hondadreams\/wp-json\/wp\/v2\/types\/post"}],"author":[{"embeddable":true,"href":"https:\/\/www.honda.es\/hondadreams\/wp-json\/wp\/v2\/users\/3"}],"replies":[{"embeddable":true,"href":"https:\/\/www.honda.es\/hondadreams\/wp-json\/wp\/v2\/comments?post=958"}],"version-history":[{"count":10,"href":"https:\/\/www.honda.es\/hondadreams\/wp-json\/wp\/v2\/posts\/958\/revisions"}],"predecessor-version":[{"id":1295,"href":"https:\/\/www.honda.es\/hondadreams\/wp-json\/wp\/v2\/posts\/958\/revisions\/1295"}],"wp:featuredmedia":[{"embeddable":true,"href":"https:\/\/www.honda.es\/hondadreams\/wp-json\/wp\/v2\/media\/962"}],"wp:attachment":[{"href":"https:\/\/www.honda.es\/hondadreams\/wp-json\/wp\/v2\/media?parent=958"}],"wp:term":[{"taxonomy":"category","embeddable":true,"href":"https:\/\/www.honda.es\/hondadreams\/wp-json\/wp\/v2\/categories?post=958"}],"curies":[{"name":"wp","href":"https:\/\/api.w.org\/{rel}","templated":true}]}}